{"id":123047,"date":"2025-09-12T08:51:06","date_gmt":"2025-09-12T08:51:06","guid":{"rendered":"https:\/\/rdnews.al\/?p=123047"},"modified":"2025-09-12T08:51:06","modified_gmt":"2025-09-12T08:51:06","slug":"berisha-une-thashe-qe-ketu-jane-kartelet-e-droges-te-vret-zoti-po-te-mos-e-thuash-kete","status":"publish","type":"post","link":"https:\/\/rdnews.al\/index.php\/2025\/09\/12\/berisha-une-thashe-qe-ketu-jane-kartelet-e-droges-te-vret-zoti-po-te-mos-e-thuash-kete\/","title":{"rendered":"Berisha: Un\u00eb thash\u00eb q\u00eb k\u00ebtu jan\u00eb kartelet e drog\u00ebs, t\u00eb vret Zoti po t\u00eb mos e thuash k\u00ebt\u00eb!"},"content":{"rendered":"<p>Lideri i opozit\u00ebs, Sali Berisha tha se, rregullorja e Kuvendit u shkel nga Edi Rama. Ai e p\u00ebrshkroi parlamentin si nj\u00eb \u201cnarkoparlament\u201d, duke theksuar se morali i kryeministrit, sipas tij, \u00ebsht\u00eb i lidhur vet\u00ebm me drog\u00ebn dhe jo me ligjin apo rregulloren.<\/p>\n<p>Berisha u pyet nga gazetar\u00ebt n\u00ebse q\u00ebndrimi i tij n\u00eb seanc\u00ebn e par\u00eb t\u00eb Kuvendit sot, kishte lidhje me pranin\u00eb e ambasador\u00ebve n\u00eb sall\u00eb.<\/p>\n<p>\u201cPo l\u00ebreni, \u00e7far\u00eb pun\u00eb kisha un\u00eb me ata?<\/p>\n<p>Un\u00eb kisha pun\u00eb me qytetar\u00ebt e mi.<\/p>\n<p>Ata ishin t\u00eb pranish\u00ebm dhe un\u00eb thash\u00eb q\u00eb k\u00ebtu jan\u00eb kartelet e drog\u00ebs.<\/p>\n<p>At\u00eb nuk mund t\u00eb mos e thosha.<\/p>\n<p>T\u00eb vret Zoti po t\u00eb mos e thuash at\u00eb\u201d, tha Berisha.<\/p>\n","protected":false},"excerpt":{"rendered":"<p>Lideri i opozit\u00ebs, Sali Berisha tha se, rregullorja e Kuvendit u shkel nga Edi Rama. Ai e p\u00ebrshkroi parlamentin si nj\u00eb \u201cnarkoparlament\u201d, duke theksuar se morali i kryeministrit, sipas tij, \u00ebsht\u00eb i lidhur vet\u00ebm me drog\u00ebn dhe jo me ligjin apo rregulloren. Berisha u pyet nga gazetar\u00ebt n\u00ebse q\u00ebndrimi i tij n\u00eb seanc\u00ebn e par\u00eb &hellip;<\/p>\n","protected":false},"author":4,"featured_media":123048,"comment_status":"closed","ping_status":"closed","sticky":false,"template":"","format":"standard","meta":{"footnotes":""},"categories":[37],"tags":[],"class_list":["post-123047","post","type-post","status-publish","format-standard","has-post-thumbnail","","category-politike"],"_links":{"self":[{"href":"https:\/\/rdnews.al\/index.php\/wp-json\/wp\/v2\/posts\/123047","targetHints":{"allow":["GET"]}}],"collection":[{"href":"https:\/\/rdnews.al\/index.php\/wp-json\/wp\/v2\/posts"}],"about":[{"href":"https:\/\/rdnews.al\/index.php\/wp-json\/wp\/v2\/types\/post"}],"author":[{"embeddable":true,"href":"https:\/\/rdnews.al\/index.php\/wp-json\/wp\/v2\/users\/4"}],"replies":[{"embeddable":true,"href":"https:\/\/rdnews.al\/index.php\/wp-json\/wp\/v2\/comments?post=123047"}],"version-history":[{"count":1,"href":"https:\/\/rdnews.al\/index.php\/wp-json\/wp\/v2\/posts\/123047\/revisions"}],"predecessor-version":[{"id":123049,"href":"https:\/\/rdnews.al\/index.php\/wp-json\/wp\/v2\/posts\/123047\/revisions\/123049"}],"wp:featuredmedia":[{"embeddable":true,"href":"https:\/\/rdnews.al\/index.php\/wp-json\/wp\/v2\/media\/123048"}],"wp:attachment":[{"href":"https:\/\/rdnews.al\/index.php\/wp-json\/wp\/v2\/media?parent=123047"}],"wp:term":[{"taxonomy":"category","embeddable":true,"href":"https:\/\/rdnews.al\/index.php\/wp-json\/wp\/v2\/categories?post=123047"},{"taxonomy":"post_tag","embeddable":true,"href":"https:\/\/rdnews.al\/index.php\/wp-json\/wp\/v2\/tags?post=123047"}],"curies":[{"name":"wp","href":"https:\/\/api.w.org\/{rel}","templated":true}]}}