{"id":123050,"date":"2025-09-12T08:55:51","date_gmt":"2025-09-12T08:55:51","guid":{"rendered":"https:\/\/rdnews.al\/?p=123050"},"modified":"2025-09-12T08:56:08","modified_gmt":"2025-09-12T08:56:08","slug":"berisha-vasil-llajo-eshte-nje-mjek-pa-eksperience-parlamentare-po-e-mashtrojne-sic-duan-per-te-asgjesuar-rregulloren-e-kuvendit","status":"publish","type":"post","link":"https:\/\/rdnews.al\/index.php\/2025\/09\/12\/berisha-vasil-llajo-eshte-nje-mjek-pa-eksperience-parlamentare-po-e-mashtrojne-sic-duan-per-te-asgjesuar-rregulloren-e-kuvendit\/","title":{"rendered":"Vasil Llajo \u00ebsht\u00eb nj\u00eb mjek pa eksperienc\u00eb parlamentare, po e mashtrojn\u00eb si\u00e7 duan p\u00ebr t\u00eb asgj\u00ebsuar rregulloren e Kuvendit"},"content":{"rendered":"<p>Kryetari i Partis\u00eb Demokratike, Sali Berisha, deklaroi sot p\u00ebr gazetar\u00ebt se \u00ebsht\u00eb asgj\u00ebsuar rregullorja e Kuvendit.<\/p>\n<p>Kjo p\u00ebr shkak se kryesuesi i seanc\u00ebs shpalli disa komisione q\u00eb nuk ekzistojn\u00eb n\u00eb rregullore.<\/p>\n<p>\u201cKy \u00ebsht\u00eb parlamenti i atyre q\u00eb thash\u00eb. Nuk \u00ebsht\u00eb parlament.<\/p>\n<p>Si mund ta lija un\u00eb Vasil Llaj\u00ebn, nj\u00eb mjek i cili nuk ka asnj\u00eb eksperienc\u00eb parlamentare dhe e mashtrojn\u00eb si\u00e7 duan.<\/p>\n<p>Ai nuk e di q\u00eb parlamenti \u00ebsht\u00eb rr\u00ebzuar q\u00eb dje.<\/p>\n<p>Q\u00eb n\u00eb momentin q\u00eb ai shpalli komisionet t\u00eb cilat nuk ekzistojn\u00eb n\u00eb rregullore.<\/p>\n<p>Kaq \u00ebsht\u00eb puna.<\/p>\n<p>Ai asgj\u00ebsoi edhe rregulloren e parlamentit&#8230;,\u201d tha Berisha.<\/p>\n","protected":false},"excerpt":{"rendered":"<p>Kryetari i Partis\u00eb Demokratike, Sali Berisha, deklaroi sot p\u00ebr gazetar\u00ebt se \u00ebsht\u00eb asgj\u00ebsuar rregullorja e Kuvendit. Kjo p\u00ebr shkak se kryesuesi i seanc\u00ebs shpalli disa komisione q\u00eb nuk ekzistojn\u00eb n\u00eb rregullore. \u201cKy \u00ebsht\u00eb parlamenti i atyre q\u00eb thash\u00eb. Nuk \u00ebsht\u00eb parlament. Si mund ta lija un\u00eb Vasil Llaj\u00ebn, nj\u00eb mjek i cili nuk ka asnj\u00eb &hellip;<\/p>\n","protected":false},"author":4,"featured_media":123051,"comment_status":"closed","ping_status":"closed","sticky":false,"template":"","format":"standard","meta":{"footnotes":""},"categories":[37],"tags":[],"class_list":["post-123050","post","type-post","status-publish","format-standard","has-post-thumbnail","","category-politike"],"_links":{"self":[{"href":"https:\/\/rdnews.al\/index.php\/wp-json\/wp\/v2\/posts\/123050","targetHints":{"allow":["GET"]}}],"collection":[{"href":"https:\/\/rdnews.al\/index.php\/wp-json\/wp\/v2\/posts"}],"about":[{"href":"https:\/\/rdnews.al\/index.php\/wp-json\/wp\/v2\/types\/post"}],"author":[{"embeddable":true,"href":"https:\/\/rdnews.al\/index.php\/wp-json\/wp\/v2\/users\/4"}],"replies":[{"embeddable":true,"href":"https:\/\/rdnews.al\/index.php\/wp-json\/wp\/v2\/comments?post=123050"}],"version-history":[{"count":2,"href":"https:\/\/rdnews.al\/index.php\/wp-json\/wp\/v2\/posts\/123050\/revisions"}],"predecessor-version":[{"id":123053,"href":"https:\/\/rdnews.al\/index.php\/wp-json\/wp\/v2\/posts\/123050\/revisions\/123053"}],"wp:featuredmedia":[{"embeddable":true,"href":"https:\/\/rdnews.al\/index.php\/wp-json\/wp\/v2\/media\/123051"}],"wp:attachment":[{"href":"https:\/\/rdnews.al\/index.php\/wp-json\/wp\/v2\/media?parent=123050"}],"wp:term":[{"taxonomy":"category","embeddable":true,"href":"https:\/\/rdnews.al\/index.php\/wp-json\/wp\/v2\/categories?post=123050"},{"taxonomy":"post_tag","embeddable":true,"href":"https:\/\/rdnews.al\/index.php\/wp-json\/wp\/v2\/tags?post=123050"}],"curies":[{"name":"wp","href":"https:\/\/api.w.org\/{rel}","templated":true}]}}