{"id":123054,"date":"2025-09-12T09:00:30","date_gmt":"2025-09-12T09:00:30","guid":{"rendered":"https:\/\/rdnews.al\/?p=123054"},"modified":"2025-09-12T09:00:30","modified_gmt":"2025-09-12T09:00:30","slug":"berisha-ky-parlament-eshte-jolegjitim-fitorja-vjen-vetem-me-beteje-me-lufte-me-perpjekje-dhe-jo-me-terheqje","status":"publish","type":"post","link":"https:\/\/rdnews.al\/index.php\/2025\/09\/12\/berisha-ky-parlament-eshte-jolegjitim-fitorja-vjen-vetem-me-beteje-me-lufte-me-perpjekje-dhe-jo-me-terheqje\/","title":{"rendered":"Berisha: Ky parlament \u00ebsht\u00eb jolegjitim, fitorja vjen vet\u00ebm me betej\u00eb, me luft\u00eb me p\u00ebrpjekje dhe jo me t\u00ebrheqje!"},"content":{"rendered":"<p><em>Kryetari i Partis\u00eb Demokratike, Prof. Dr. Sali Berisha, deklaroi sot para nisjes s\u00eb seanc\u00ebs plenare se Parlamenti aktual \u00ebsht\u00eb i \u201cpaligjsh\u00ebm\u201d dhe i kontrolluar nga \u201ckartelet e drog\u00ebs, krimi dhe korrupsioni\u201d. Berisha tha se veprimet e PD-s\u00eb jan\u00eb t\u00ebr\u00ebsisht legjitime dhe p\u00ebrfaq\u00ebsojn\u00eb \u201cbetej\u00ebn p\u00ebr rikthimin e demokracis\u00eb dhe vot\u00ebs s\u00eb lir\u00eb\u201d.<\/em><\/p>\n<p><em>I pyetur p\u00ebr munges\u00ebn e komisionit hetimor p\u00ebr \u00e7\u00ebshtjen McGonigal, Berisha u shpreh se Rama do t\u00eb b\u00ebj\u00eb gjith\u00e7ka p\u00ebr t\u00eb fshehur krimet e tij, por opozita do t\u00eb vijoj\u00eb betej\u00ebn p\u00ebr zbardhjen e s\u00eb v\u00ebrtet\u00ebs.<\/em><\/p>\n<p><em>Lideri demokrat, Sali Berisha tha se fitorja arrihet vet\u00ebm p\u00ebrmes p\u00ebrpjekjes dhe jo t\u00ebrheqjes, duke n\u00ebnvizuar se bojkoti \u00ebsht\u00eb nj\u00eb nga opsionet n\u00eb tavolin\u00eb, por jo domosdoshm\u00ebrisht zgjedhja p\u00ebrfundimtare.<\/em><\/p>\n<p><em>I pyetur p\u00ebr zgjedhjet n\u00eb Bashkin\u00eb e Tiran\u00ebs, Berisha nuk dha nj\u00eb p\u00ebrgjigje t\u00eb prer\u00eb p\u00ebr pjes\u00ebmarrjen ose bojkotin, por u shpreh kritik ndaj asaj q\u00eb e cil\u00ebsoi si \u201cshashka mediatike\u201d p\u00ebr t\u00eb shp\u00ebrqendruar v\u00ebmendjen nga problemet e m\u00ebdha t\u00eb qeverisjes.<\/em><\/p>\n<p><em>Sa i p\u00ebrket votimit p\u00ebr kryetarin e ri t\u00eb Kuvendit, Kryetari i PD, Sali Berisha tha se opozita nuk do t\u00eb marr\u00eb pjes\u00eb dhe e cil\u00ebsoi kandidatin e shumic\u00ebs si \u201cbandit me post kryetari\u201d.<\/em><\/p>\n<p><strong>PRONONCIMI I PLOT\u00cb<\/strong><\/p>\n<p>Ky parlament \u00ebsht\u00eb jolegjitim, ky \u00ebsht\u00eb parlamenti i karteleve t\u00eb drog\u00ebs, ky \u00ebsht\u00eb parlamenti i miliarda eurove t\u00eb vjedhura t\u00eb shqiptar\u00ebve, ky \u00ebsht\u00eb parlamenti i dhunimit t\u00eb fjal\u00ebs s\u00eb lir\u00eb, t\u00eb fars\u00ebs elektorale.<\/p>\n<p>Pra n\u00eb k\u00ebt\u00eb kontekst hap m\u00eb legjitim se kjo q\u00eb b\u00ebn sot PD nuk ka, por ne e kemi betej\u00eb.<\/p>\n<p>Ne zotohemi t\u00eb vazhdojm\u00eb k\u00ebt\u00eb betej\u00eb me t\u00eb gjitha forcat tona gjer n\u00eb realizimin e tij.<\/p>\n<p><strong><em>Pyetje: Kryeministri Rama nuk ju ka dh\u00ebn\u00eb komisionin p\u00ebr McGonigalin, kur kishte 73 mandate, pse mendoni q\u00eb tani q\u00eb ka 83 mandate do t\u2019ua jap\u00eb k\u00ebto komisione?<\/em><\/strong><\/p>\n<p><strong><em>Berisha:<\/em><\/strong>\u00a0Un\u00eb jam i bindur q\u00eb Edi Rama do t\u00eb b\u00ebj\u00eb gjith\u00e7ka p\u00ebr t\u00eb fshehur krimet e tij, por detyrimi yn\u00eb dhe vendosm\u00ebria jon\u00eb \u00ebsht\u00eb absolute. Ne do b\u00ebjm\u00eb gjith\u00e7ka p\u00ebr t\u00eb nxjerr\u00eb n\u00eb drit\u00ebn e diellit, krimet e sh\u00ebmtuara t\u00eb tij.<\/p>\n<p><strong><em>Pyetje: Mendoni se duke b\u00ebr\u00eb t\u00eb nj\u00ebjtat forma mund t\u00eb ndryshoni rezultatin?<\/em><\/strong><\/p>\n<p><strong><em>Berisha:<\/em><\/strong>\u00a0Mendoj se fitorja vjen vet\u00ebm me betej\u00eb, vet\u00ebm me luft\u00eb, vet\u00ebm me p\u00ebrpjekje dhe jo me t\u00ebrheqje.<\/p>\n<p><strong><em>Pyetje: Z.Berisha, mendoni se duhet ta kishit nisur me protest\u00eb dit\u00ebn e par\u00eb t\u00eb parlamentit?<\/em><\/strong><\/p>\n<p><strong><em>Berisha:<\/em><\/strong>\u00a0Tani se si mund ta kishim n\u00eb shum\u00eb forma, por ju garantoj se kjo \u00ebsht\u00eb prova e ekzistenc\u00ebs s\u00eb opozit\u00ebs dhe ekzistenc\u00ebs s\u00eb demokracis\u00eb n\u00eb Shqip\u00ebri.<\/p>\n<p>Shikoni, nuk \u00ebsht\u00eb nj\u00eb \u00e7\u00ebshtje k\u00ebtu se, opozita \u00ebsht\u00eb n\u00eb k\u00ebt\u00eb apo at\u00eb situat\u00eb, demokracia shqiptare \u00ebsht\u00eb n\u00eb agoni, shteti ligjor \u00ebsht\u00eb z\u00ebvend\u00ebsuar me shtetin e mafias.<\/p>\n<p>K\u00ebtu \u00e7do qytetar shqiptar q\u00eb do t\u00eb jetoj\u00eb me ndershm\u00ebri dhe dinjitet \u00ebsht\u00eb n\u00eb nj\u00eb diktatur\u00eb autoritare.<\/p>\n<p><strong><em>Pyetje:\u00a0 Duke th\u00ebn\u00eb se ju thoni se nuk ka zgjedhje t\u00eb lira me Edi Ram\u00ebn, a do hyni n\u00eb gar\u00ebn e bashkis\u00eb s\u00eb Tiran\u00ebs?<\/em><\/strong><\/p>\n<p><strong><em>Berisha:<\/em><\/strong>\u00a0Tani t\u00eb gjitha vendimet do t\u00eb b\u00ebhen t\u00eb ditura, por e kam th\u00ebn\u00eb dhe e them se, me Edi Ram\u00ebn zgjedhje nuk ka kurr\u00eb t\u00eb lira\u2026<\/p>\n<p><strong><em>Pyetje: Edhe mund t\u2019i bojkotoni zgjedhjet e Tiran\u00ebs?<\/em><\/strong><\/p>\n<p><strong><em>Berisha:<\/em><\/strong>\u00a0Ka dy taktika, edhe ajo \u00ebsht\u00eb nj\u00eb taktik\u00eb por nuk mund t\u00eb them asgj\u00eb se cili do jet\u00eb q\u00ebndrimi.<\/p>\n<p>Zgjedhjet mund t\u2019i bojkotojm\u00eb, mund t\u2019i bojkotonim zgjedhjet e p\u00ebrgjithshme, nuk kishim asnj\u00eb kusht, por n\u00eb p\u00ebrpjekjen e betej\u00ebs bojkoti, \u00ebsht\u00eb edhe ajo nj\u00eb arm\u00eb, \u00ebsht\u00eb nj\u00eb form\u00eb, por ndofta forma m\u00eb e leht\u00eb.<\/p>\n<p><strong><em>Pyetje: Mund t\u00eb shkoni me nj\u00eb kandidat jopolitik n\u00ebse vendosni t\u00eb merrni pjes\u00eb?<\/em><\/strong><\/p>\n<p><strong><em>Berisha:<\/em><\/strong>\u00a0Shikoni \u00e7far\u00eb ndodh. Edi Rama p\u00ebr t\u00eb mbuluar k\u00ebt\u00eb piramid\u00eb krimi q\u00eb ngrihet sot para shqiptar\u00ebve n\u00eb parlamentin e karteleve t\u00eb drog\u00ebs, n\u00eb parlamentin e krimit dhe korrupsionit, nxorri p\u00ebrs\u00ebri nga qelia Erion Veliajn dhe do t\u00eb t\u00ebrheq\u00eb mediat me problemin e bashkis\u00eb s\u00eb Tiran\u00ebs dhe Veliajt dhe p\u00ebrmallimin e madh t\u00eb Ogert\u00ebs.<\/p>\n<p>A e pat\u00eb ju, se si u shkri n\u00eb d\u00ebnes\u00eb Ogerta, kur mori vesh lajmin se do t\u00eb kandidohet. Mos u udh\u00ebhiqni nga gj\u00ebra t\u00eb tilla se jan\u00eb krejt\u00ebsisht, jan\u00eb shashka mediatike.<\/p>\n<p>Jan\u00eb shashka p\u00ebr mediat dhe opozit\u00ebn, ndaj ne do t\u00eb mbajm\u00eb drejtimin ton\u00eb kryesor, betej\u00ebn p\u00ebr rikthimin e vot\u00ebs s\u00eb lir\u00eb, fjal\u00ebs s\u00eb lir\u00eb t\u00eb shqiptar\u00ebve.<\/p>\n<p><strong><em>Pyetje: Z.Berisha, a do t\u00eb votoni sot p\u00ebr kryetarin e ri t\u00eb Kuvendit?<\/em><\/strong><\/p>\n<p><strong><em>Berisha:<\/em><\/strong>\u00a0Absolutisht, jo. T\u00eb votosh Niko Peleshin aty, \u00ebsht\u00eb dhjet\u00eb her\u00eb m\u00eb mir\u00eb se t\u00eb votosh Kapuranin, apo band\u00ebn e tij n\u00eb Kor\u00e7\u00eb. Kategorikisht, jo.<\/p>\n<p>M\u00eb mir\u00eb t\u00eb vinte ai se, ai t\u00eb pakt\u00ebn \u00ebsht\u00eb i sinqert\u00eb, jeton si bandit.<\/p>\n<p>Kurse ky, \u00ebsht\u00eb bandit me post kryetar parlamenti. N\u00eb asnj\u00eb m\u00ebnyr\u00eb!<\/p>\n","protected":false},"excerpt":{"rendered":"<p>Kryetari i Partis\u00eb Demokratike, Prof. Dr. Sali Berisha, deklaroi sot para nisjes s\u00eb seanc\u00ebs plenare se Parlamenti aktual \u00ebsht\u00eb i \u201cpaligjsh\u00ebm\u201d dhe i kontrolluar nga \u201ckartelet e drog\u00ebs, krimi dhe korrupsioni\u201d. Berisha tha se veprimet e PD-s\u00eb jan\u00eb t\u00ebr\u00ebsisht legjitime dhe p\u00ebrfaq\u00ebsojn\u00eb \u201cbetej\u00ebn p\u00ebr rikthimin e demokracis\u00eb dhe vot\u00ebs s\u00eb lir\u00eb\u201d. I pyetur p\u00ebr munges\u00ebn &hellip;<\/p>\n","protected":false},"author":4,"featured_media":123055,"comment_status":"closed","ping_status":"closed","sticky":false,"template":"","format":"standard","meta":{"footnotes":""},"categories":[37],"tags":[],"class_list":["post-123054","post","type-post","status-publish","format-standard","has-post-thumbnail","","category-politike"],"_links":{"self":[{"href":"https:\/\/rdnews.al\/index.php\/wp-json\/wp\/v2\/posts\/123054","targetHints":{"allow":["GET"]}}],"collection":[{"href":"https:\/\/rdnews.al\/index.php\/wp-json\/wp\/v2\/posts"}],"about":[{"href":"https:\/\/rdnews.al\/index.php\/wp-json\/wp\/v2\/types\/post"}],"author":[{"embeddable":true,"href":"https:\/\/rdnews.al\/index.php\/wp-json\/wp\/v2\/users\/4"}],"replies":[{"embeddable":true,"href":"https:\/\/rdnews.al\/index.php\/wp-json\/wp\/v2\/comments?post=123054"}],"version-history":[{"count":1,"href":"https:\/\/rdnews.al\/index.php\/wp-json\/wp\/v2\/posts\/123054\/revisions"}],"predecessor-version":[{"id":123056,"href":"https:\/\/rdnews.al\/index.php\/wp-json\/wp\/v2\/posts\/123054\/revisions\/123056"}],"wp:featuredmedia":[{"embeddable":true,"href":"https:\/\/rdnews.al\/index.php\/wp-json\/wp\/v2\/media\/123055"}],"wp:attachment":[{"href":"https:\/\/rdnews.al\/index.php\/wp-json\/wp\/v2\/media?parent=123054"}],"wp:term":[{"taxonomy":"category","embeddable":true,"href":"https:\/\/rdnews.al\/index.php\/wp-json\/wp\/v2\/categories?post=123054"},{"taxonomy":"post_tag","embeddable":true,"href":"https:\/\/rdnews.al\/index.php\/wp-json\/wp\/v2\/tags?post=123054"}],"curies":[{"name":"wp","href":"https:\/\/api.w.org\/{rel}","templated":true}]}}