{"id":123067,"date":"2025-09-12T11:48:00","date_gmt":"2025-09-12T11:48:00","guid":{"rendered":"https:\/\/rdnews.al\/?p=123067"},"modified":"2025-09-12T11:48:00","modified_gmt":"2025-09-12T11:48:00","slug":"bardhi-ushtar-bajrami-po-tenton-ta-shnderroje-republiken-ne-nje-palacollek-sic-eshte-ai-vete","status":"publish","type":"post","link":"https:\/\/rdnews.al\/index.php\/2025\/09\/12\/bardhi-ushtar-bajrami-po-tenton-ta-shnderroje-republiken-ne-nje-palacollek-sic-eshte-ai-vete\/","title":{"rendered":"Bardhi: Ushtar Bajrami po tenton ta shnd\u00ebrroj\u00eb Republik\u00ebn n\u00eb nj\u00eb pala\u00e7oll\u00ebk, si\u00e7 \u00ebsht\u00eb ai vet\u00eb!"},"content":{"rendered":"<p>Kryetari i grupit parlamentar t\u00eb PD, Gazment \u00a0Bardhi ka reaguar pasi Presidenti i Republik\u00ebs dekretoi qeverin\u00eb e re q\u00eb e ngarkon Ram\u00ebn me ngritjen dhe funksionimin e ministrit virtual &#8220;Diella&#8221;.<\/p>\n<p>Bardhi shkruan se, karagjozll\u00ebqet e kryeministrit nuk mund t\u00eb shnd\u00ebrrohen n\u00eb akte juridike t\u00eb shtetit shqiptar. Ushtar Bajrami po tenton ta shnd\u00ebrroj\u00eb Republik\u00ebn n\u00eb nj\u00eb pala\u00e7oll\u00ebk, si\u00e7 \u00ebsht\u00eb ai vet\u00eb.<\/p>\n<p>Reagimi i Bardhit<\/p>\n<p>Dekreti i Presidentit t\u00eb Republik\u00ebs p\u00ebr t\u00eb ngarkuar kryeministrin me ngritjen dhe funksionimin e ministrit virtual &#8220;Diella&#8221;, p\u00ebrve\u00e7se qesharak, \u00ebsht\u00eb t\u00ebr\u00ebsisht antikushtetues. Ai bie ndesh me nenet 96, 97, 102 dhe 103 t\u00eb Kushtetut\u00ebs.<\/p>\n<p>Minist\u00ebr mund t\u00eb em\u00ebrohet: (i) shtetasi shqiptar; (ii) q\u00eb ka mbushur 18 vje\u00e7; dhe (iii) \u00ebsht\u00eb i aft\u00eb mend\u00ebrisht (shih nenet 45 dhe 103 t\u00eb Kushtetut\u00ebs). Cilat nga k\u00ebto cil\u00ebsi ka ministrja &#8220;Diella&#8221;?!<\/p>\n<p>Karagjozll\u00ebqet e kryeministrit nuk mund t\u00eb shnd\u00ebrrohen n\u00eb akte juridike t\u00eb shtetit shqiptar. Ushtar Bajrami po tenton ta shnd\u00ebrroj\u00eb Republik\u00ebn n\u00eb nj\u00eb pala\u00e7oll\u00ebk, si\u00e7 \u00ebsht\u00eb ai vet\u00eb.<\/p>\n<p>&nbsp;<\/p>\n","protected":false},"excerpt":{"rendered":"<p>Kryetari i grupit parlamentar t\u00eb PD, Gazment \u00a0Bardhi ka reaguar pasi Presidenti i Republik\u00ebs dekretoi qeverin\u00eb e re q\u00eb e ngarkon Ram\u00ebn me ngritjen dhe funksionimin e ministrit virtual &#8220;Diella&#8221;. Bardhi shkruan se, karagjozll\u00ebqet e kryeministrit nuk mund t\u00eb shnd\u00ebrrohen n\u00eb akte juridike t\u00eb shtetit shqiptar. Ushtar Bajrami po tenton ta shnd\u00ebrroj\u00eb Republik\u00ebn n\u00eb nj\u00eb &hellip;<\/p>\n","protected":false},"author":4,"featured_media":14265,"comment_status":"closed","ping_status":"closed","sticky":false,"template":"","format":"standard","meta":{"footnotes":""},"categories":[37],"tags":[],"class_list":["post-123067","post","type-post","status-publish","format-standard","has-post-thumbnail","","category-politike"],"_links":{"self":[{"href":"https:\/\/rdnews.al\/index.php\/wp-json\/wp\/v2\/posts\/123067","targetHints":{"allow":["GET"]}}],"collection":[{"href":"https:\/\/rdnews.al\/index.php\/wp-json\/wp\/v2\/posts"}],"about":[{"href":"https:\/\/rdnews.al\/index.php\/wp-json\/wp\/v2\/types\/post"}],"author":[{"embeddable":true,"href":"https:\/\/rdnews.al\/index.php\/wp-json\/wp\/v2\/users\/4"}],"replies":[{"embeddable":true,"href":"https:\/\/rdnews.al\/index.php\/wp-json\/wp\/v2\/comments?post=123067"}],"version-history":[{"count":1,"href":"https:\/\/rdnews.al\/index.php\/wp-json\/wp\/v2\/posts\/123067\/revisions"}],"predecessor-version":[{"id":123068,"href":"https:\/\/rdnews.al\/index.php\/wp-json\/wp\/v2\/posts\/123067\/revisions\/123068"}],"wp:featuredmedia":[{"embeddable":true,"href":"https:\/\/rdnews.al\/index.php\/wp-json\/wp\/v2\/media\/14265"}],"wp:attachment":[{"href":"https:\/\/rdnews.al\/index.php\/wp-json\/wp\/v2\/media?parent=123067"}],"wp:term":[{"taxonomy":"category","embeddable":true,"href":"https:\/\/rdnews.al\/index.php\/wp-json\/wp\/v2\/categories?post=123067"},{"taxonomy":"post_tag","embeddable":true,"href":"https:\/\/rdnews.al\/index.php\/wp-json\/wp\/v2\/tags?post=123067"}],"curies":[{"name":"wp","href":"https:\/\/api.w.org\/{rel}","templated":true}]}}