{"id":123071,"date":"2025-09-12T13:13:35","date_gmt":"2025-09-12T13:13:35","guid":{"rendered":"https:\/\/rdnews.al\/?p=123071"},"modified":"2025-09-12T13:13:35","modified_gmt":"2025-09-12T13:13:35","slug":"arrestohet-vrasesi-i-charlie-kirk-kush-e-dorezoi","status":"publish","type":"post","link":"https:\/\/rdnews.al\/index.php\/2025\/09\/12\/arrestohet-vrasesi-i-charlie-kirk-kush-e-dorezoi\/","title":{"rendered":"Arrestohet vras\u00ebsi i Charlie Kirk\/ Kush e dor\u00ebzoi"},"content":{"rendered":"<p>Presidenti i Shteteve t\u00eb Bashkuara, Donald Trump, ka th\u00ebn\u00eb se i dyshuari p\u00ebr vrasjen e Charlie Kirk \u00ebsht\u00eb \u201cn\u00eb paraburgim\u201d.<\/p>\n<p>\u201cI dyshuari \u00ebsht\u00eb n\u00eb paraburgim\u201d, tha Trump gjat\u00eb nj\u00eb paraqitjeje n\u00eb Fox News.<\/p>\n<div class=\"td-a-ad id_inline_ad0 id_ad_content-horiz-center\"><ins id=\"revive-0-1\" data-revive-zoneid=\"5\" data-revive-id=\"d3580c50780aad70dda4dc966c24cdc1\" data-revive-seq=\"1\" data-revive-loaded=\"1\"><\/p>\n<div id=\"beacon_43c6df6f7b\"><img loading=\"lazy\" decoding=\"async\" class=\"td-animation-stack-type0-2\" src=\"https:\/\/paparaci.com\/ads\/www\/delivery\/lg.php?bannerid=2106&amp;campaignid=600&amp;zoneid=5&amp;loc=https%3A%2F%2Fpaparaci.com%2F529920%2Farrestohet-vrasesi-i-charlie-kirk-trump-kerkon-denim-me-vdekje%2F&amp;referer=https%3A%2F%2Fwww.google.com%2F&amp;cb=43c6df6f7b\" alt=\"\" width=\"0\" height=\"0\" \/>Trump tha se dikush \u201cshum\u00eb af\u00ebr tij e dor\u00ebzoi\u201d dhe tha se kjo do t\u00eb njoftohej m\u00eb von\u00eb sot.<\/div>\n<p><\/ins><\/div>\n<p>CNN shkruan se i dyshuari ishte gjetur n\u00ebp\u00ebrmjet nj\u00eb pastori, i cili n\u00eb fund t\u00eb fundit p\u00ebrfshiu edhe baban\u00eb e personit.<ins id=\"revive-0-2\" data-revive-zoneid=\"5\" data-revive-id=\"d3580c50780aad70dda4dc966c24cdc1\" data-revive-seq=\"2\" data-revive-loaded=\"1\"><\/p>\n<div id=\"beacon_917f9126a2\"><img loading=\"lazy\" decoding=\"async\" class=\"td-animation-stack-type0-2\" src=\"https:\/\/paparaci.com\/ads\/www\/delivery\/lg.php?bannerid=1736&amp;campaignid=499&amp;zoneid=5&amp;loc=https%3A%2F%2Fpaparaci.com%2F529920%2Farrestohet-vrasesi-i-charlie-kirk-trump-kerkon-denim-me-vdekje%2F&amp;referer=https%3A%2F%2Fwww.google.com%2F&amp;cb=917f9126a2\" alt=\"\" width=\"0\" height=\"0\" \/>Presidenti m\u00eb tej shtoi \u201cNe kemi personin q\u00eb mendojm\u00eb se \u00ebsht\u00eb \u00ebsht\u00eb ai q\u00eb po k\u00ebrkojm\u00eb.\u201d<\/div>\n<p><\/ins><\/p>\n<p>Ai shtoi se shpresonte q\u00eb i dyshuari, n\u00ebse shpallet fajtor, t\u00eb marr\u00eb d\u00ebnimin me vdekje dhe tha se aktualisht jan\u00eb n\u00eb selin\u00eb e policis\u00eb.<\/p>\n","protected":false},"excerpt":{"rendered":"<p>Presidenti i Shteteve t\u00eb Bashkuara, Donald Trump, ka th\u00ebn\u00eb se i dyshuari p\u00ebr vrasjen e Charlie Kirk \u00ebsht\u00eb \u201cn\u00eb paraburgim\u201d. \u201cI dyshuari \u00ebsht\u00eb n\u00eb paraburgim\u201d, tha Trump gjat\u00eb nj\u00eb paraqitjeje n\u00eb Fox News. Trump tha se dikush \u201cshum\u00eb af\u00ebr tij e dor\u00ebzoi\u201d dhe tha se kjo do t\u00eb njoftohej m\u00eb von\u00eb sot. CNN shkruan se &hellip;<\/p>\n","protected":false},"author":3,"featured_media":123072,"comment_status":"closed","ping_status":"closed","sticky":false,"template":"","format":"standard","meta":{"footnotes":""},"categories":[38],"tags":[],"class_list":["post-123071","post","type-post","status-publish","format-standard","has-post-thumbnail","","category-bota"],"_links":{"self":[{"href":"https:\/\/rdnews.al\/index.php\/wp-json\/wp\/v2\/posts\/123071","targetHints":{"allow":["GET"]}}],"collection":[{"href":"https:\/\/rdnews.al\/index.php\/wp-json\/wp\/v2\/posts"}],"about":[{"href":"https:\/\/rdnews.al\/index.php\/wp-json\/wp\/v2\/types\/post"}],"author":[{"embeddable":true,"href":"https:\/\/rdnews.al\/index.php\/wp-json\/wp\/v2\/users\/3"}],"replies":[{"embeddable":true,"href":"https:\/\/rdnews.al\/index.php\/wp-json\/wp\/v2\/comments?post=123071"}],"version-history":[{"count":1,"href":"https:\/\/rdnews.al\/index.php\/wp-json\/wp\/v2\/posts\/123071\/revisions"}],"predecessor-version":[{"id":123073,"href":"https:\/\/rdnews.al\/index.php\/wp-json\/wp\/v2\/posts\/123071\/revisions\/123073"}],"wp:featuredmedia":[{"embeddable":true,"href":"https:\/\/rdnews.al\/index.php\/wp-json\/wp\/v2\/media\/123072"}],"wp:attachment":[{"href":"https:\/\/rdnews.al\/index.php\/wp-json\/wp\/v2\/media?parent=123071"}],"wp:term":[{"taxonomy":"category","embeddable":true,"href":"https:\/\/rdnews.al\/index.php\/wp-json\/wp\/v2\/categories?post=123071"},{"taxonomy":"post_tag","embeddable":true,"href":"https:\/\/rdnews.al\/index.php\/wp-json\/wp\/v2\/tags?post=123071"}],"curies":[{"name":"wp","href":"https:\/\/api.w.org\/{rel}","templated":true}]}}