{"id":123077,"date":"2025-09-12T16:41:54","date_gmt":"2025-09-12T16:41:54","guid":{"rendered":"https:\/\/rdnews.al\/?p=123077"},"modified":"2025-09-12T19:34:22","modified_gmt":"2025-09-12T19:34:22","slug":"deputetet-e-pd-nje-minut-heshtje-ne-kujtim-te-azem-hajdarit","status":"publish","type":"post","link":"https:\/\/rdnews.al\/index.php\/2025\/09\/12\/deputetet-e-pd-nje-minut-heshtje-ne-kujtim-te-azem-hajdarit\/","title":{"rendered":"Rama refuzon\/ PD mban nj\u00eb minut\u00eb heshtje p\u00ebr Azem Hajdarin dhe Charlie Kirk n\u00eb Parlament"},"content":{"rendered":"<p class=\"TableParagraph\">Partia Demokratike ka k\u00ebrkuar sot n\u00eb Kuvend mbajtjen e 1 minute heshtje n\u00eb nderim t\u00eb Azem Hajdarit dhe t\u00eb ideologut konservator amerikan Charlie Kirk, i vrar\u00eb dy dit\u00eb m\u00eb par\u00eb n\u00eb Utah.<\/p>\n<p class=\"TableParagraph\">K\u00ebrkesa u b\u00eb nga deputeti i PD-s\u00eb Tritan Shehu, i cili nguli k\u00ebmb\u00eb q\u00eb parlamenti t\u00eb nderonte figur\u00ebn e liderit historik t\u00eb Dhjetorit \u201990 dhe viktim\u00ebn e atentatit n\u00eb SHBA, t\u00eb dy t\u00eb rinj t\u00eb vrar\u00eb nga e majta radikale.<\/p>\n<p class=\"TableParagraph\">Megjithat\u00eb, shumica socialiste vendosi t\u00eb mos i bashkohej k\u00ebsaj nisme, duke refuzuar mbajtjen e heshtjes n\u00eb sall\u00eb, si p\u00ebr ish-deputein shqiptar q\u00eb sot kishte p\u00ebrvjetorin e vrasjes, ashtu edhe p\u00ebr 31 vjecarin Kirk, mik t\u00eb Presidentit Trump dhe zv\/Presidentti JD Vance.<\/p>\n<p class=\"TableParagraph\">Pavar\u00ebsisht vendimit t\u00eb PS-s\u00eb, deputet\u00ebt demokrat\u00eb mbajt\u00ebn 1 minut\u00eb heshtje n\u00eb parlament, duke nderuar si Hajdarin, ashtu edhe Kirk.<\/p>\n","protected":false},"excerpt":{"rendered":"<p>Partia Demokratike ka k\u00ebrkuar sot n\u00eb Kuvend mbajtjen e 1 minute heshtje n\u00eb nderim t\u00eb Azem Hajdarit dhe t\u00eb ideologut konservator amerikan Charlie Kirk, i vrar\u00eb dy dit\u00eb m\u00eb par\u00eb n\u00eb Utah. K\u00ebrkesa u b\u00eb nga deputeti i PD-s\u00eb Tritan Shehu, i cili nguli k\u00ebmb\u00eb q\u00eb parlamenti t\u00eb nderonte figur\u00ebn e liderit historik t\u00eb Dhjetorit &hellip;<\/p>\n","protected":false},"author":4,"featured_media":123104,"comment_status":"closed","ping_status":"closed","sticky":false,"template":"","format":"standard","meta":{"footnotes":""},"categories":[37],"tags":[],"class_list":["post-123077","post","type-post","status-publish","format-standard","has-post-thumbnail","","category-politike"],"_links":{"self":[{"href":"https:\/\/rdnews.al\/index.php\/wp-json\/wp\/v2\/posts\/123077","targetHints":{"allow":["GET"]}}],"collection":[{"href":"https:\/\/rdnews.al\/index.php\/wp-json\/wp\/v2\/posts"}],"about":[{"href":"https:\/\/rdnews.al\/index.php\/wp-json\/wp\/v2\/types\/post"}],"author":[{"embeddable":true,"href":"https:\/\/rdnews.al\/index.php\/wp-json\/wp\/v2\/users\/4"}],"replies":[{"embeddable":true,"href":"https:\/\/rdnews.al\/index.php\/wp-json\/wp\/v2\/comments?post=123077"}],"version-history":[{"count":3,"href":"https:\/\/rdnews.al\/index.php\/wp-json\/wp\/v2\/posts\/123077\/revisions"}],"predecessor-version":[{"id":123117,"href":"https:\/\/rdnews.al\/index.php\/wp-json\/wp\/v2\/posts\/123077\/revisions\/123117"}],"wp:featuredmedia":[{"embeddable":true,"href":"https:\/\/rdnews.al\/index.php\/wp-json\/wp\/v2\/media\/123104"}],"wp:attachment":[{"href":"https:\/\/rdnews.al\/index.php\/wp-json\/wp\/v2\/media?parent=123077"}],"wp:term":[{"taxonomy":"category","embeddable":true,"href":"https:\/\/rdnews.al\/index.php\/wp-json\/wp\/v2\/categories?post=123077"},{"taxonomy":"post_tag","embeddable":true,"href":"https:\/\/rdnews.al\/index.php\/wp-json\/wp\/v2\/tags?post=123077"}],"curies":[{"name":"wp","href":"https:\/\/api.w.org\/{rel}","templated":true}]}}