{"id":123087,"date":"2025-09-12T16:58:04","date_gmt":"2025-09-12T16:58:04","guid":{"rendered":"https:\/\/rdnews.al\/?p=123087"},"modified":"2025-09-12T16:58:04","modified_gmt":"2025-09-12T16:58:04","slug":"berisha-per-drejtim-e-parlamentit-u-zgjodh-nje-njeri-me-5-dosje-korrupsioni-niko-peleshi-eshte-nje-qenie-amorfe","status":"publish","type":"post","link":"https:\/\/rdnews.al\/index.php\/2025\/09\/12\/berisha-per-drejtim-e-parlamentit-u-zgjodh-nje-njeri-me-5-dosje-korrupsioni-niko-peleshi-eshte-nje-qenie-amorfe\/","title":{"rendered":"Berisha: P\u00ebr drejtim e parlamentit u zgjodh nj\u00eb njeri me 5 dosje korrupsioni! Niko Peleshi \u00ebsht\u00eb nj\u00eb qenie amorfe"},"content":{"rendered":"<p>Kryetari iPD, Sali Berisha n\u00eb nj\u00eb prononcim p\u00ebr mediat tha se, sot p\u00ebr drejtim e parlamentit u zgjodh nj\u00eb njeri me 5 dosje korrupsioni, Niko Peleshi \u00ebsht\u00eb nj\u00eb qenie amorfe!<br \/>\nBerisha tha se, vendoset njeriu i implikuar zyrtarisht me dokumente me kartelin e heroin\u00ebs s\u00eb Elbasanit, me kartelin e kokain\u00ebs Elbasan-Peqin, me Bajr\u00ebt famoz\u00eb dhe me banda t\u00eb tjera, organizata t\u00eb tjera kriminale.<br \/>\n\u201c Sot parlamenti i karteleve operoi n\u00eb shkelmim t\u00eb plot\u00eb t\u00eb parimeve kushtetuese dhe Kushtetut\u00ebs s\u00eb k\u00ebtij institucioni.<br \/>\nSot n\u00eb parlament m\u00eb t\u00eb p\u00ebrfaq\u00ebsuarit e shqiptar\u00ebve jan\u00eb kartelet e drog\u00ebs m\u00eb t\u00eb fuqishmet n\u00eb Europ\u00eb, t\u00eb lidhura me organizata terroriste, kartelet e Amerik\u00ebs Jugore, Sinaloan e Meksik\u00ebs, kartelin Medelin dhe kartele t\u00eb tjera t\u00eb cilat kan\u00eb arritur t\u00eb penetrojn\u00eb, t\u00eb nguliten n\u00eb \u00e7do segment, n\u00eb \u00e7do nivel t\u00eb narkoshtetit shqiptar.<br \/>\nJeni d\u00ebshmitar\u00eb p\u00ebr numrin e deputet\u00ebve q\u00eb mb\u00ebshtet\u00ebn k\u00ebto kartele n\u00eb Elbasan \u00c7ela-\u00c7opja, n\u00eb Durr\u00ebs Troplini-Hajri-Avdylaj-Dervishi etj., n\u00eb Lezh\u00eb, Tuku, n\u00eb Fier \u2018Hakmarrja p\u00ebr Drejt\u00ebsi\u2019, Shyt\u00ebt, Renato Salihi, Arben Qimja, n\u00eb Vlor\u00eb bandat t\u00eb damkosura nd\u00ebrkomb\u00ebtarisht, n\u00eb Shkod\u00ebr famoz\u00ebt Bajri e k\u00ebshtu me radh\u00eb.<br \/>\nSot n\u00eb drejtim t\u00eb p\u00ebrfaq\u00ebsis\u00eb s\u00eb karteleve dhe krimit, vendoset porosit\u00ebsi i vrasjeve me dokumente zyrtare.<br \/>\nVendoset njeriu i implikuar zyrtarisht me dokumente me kartelin e heroin\u00ebs s\u00eb Elbasanit, me kartelin e kokain\u00ebs Elbasan-Peqin, me Bajr\u00ebt famoz\u00eb dhe me banda t\u00eb tjera, organizata t\u00eb tjera kriminale.<br \/>\nSot n\u00eb drejtim t\u00eb parlamentit u zgjodh nj\u00eb njeri me 5 dosje korrupsioni.<br \/>\nNiko Peleshi \u00ebsht\u00eb historia e korrupsionit, \u00ebsht\u00eb njeriu q\u00eb ka firmosur akte madhore korruptive p\u00ebr djeg\u00ebsat, qoft\u00eb p\u00ebr prodhimin e energjis\u00eb n\u00eb djeg\u00ebsin e Elbasanit dhe djeg\u00ebsin e Elbasanit, akte t\u00eb cilat e b\u00ebjn\u00eb at\u00eb p\u00ebrgjegj\u00ebs automatik p\u00ebr d\u00ebme kolosale q\u00eb u ka b\u00ebr\u00eb shqiptar\u00ebve.<br \/>\nNiko Peleshi \u00ebsht\u00eb i akuzuar p\u00ebr prona n\u00eb Kolonj\u00eb dhe n\u00eb zona t\u00eb tjera, kur ka qen\u00eb minist\u00ebr Bujq\u00ebsie. Peleshi t\u00eb themi t\u00eb v\u00ebrtet\u00ebn \u00ebsht\u00eb nga pik\u00ebpamja, t\u00eb themi e konstitucionit, n\u00eb rrafshin konstitucionalist, jo t\u00eb Kushtetut\u00ebs, por t\u00eb fizikut, ai \u00ebsht\u00eb nj\u00eb qenie amorfe.<br \/>\nPra, ky njeri n\u00eb vend q\u00eb t\u00eb shkoj\u00eb atje ku ka vendin, ky merr kreun e parlamentit vet\u00ebm e vet\u00ebm se ka vjedhur s\u00eb bashku me Edi Ram\u00ebn.<br \/>\n&#8230; Tani jemi p\u00ebr betej\u00eb, nuk kemi nevoj\u00eb p\u00ebr toleranc\u00ebn e tyre fare.<br \/>\nAsnj\u00eb nevoj\u00eb p\u00ebr toleranc\u00ebn e tyre, ata nuk p\u00ebrfaq\u00ebsojn\u00eb vullnetin e popullit shqiptar. Ata p\u00ebrfaq\u00ebsojn\u00eb vullnetin e krimit shqiptar, ata p\u00ebrfaq\u00ebsojn\u00eb vullnetin e krimit shqiptar.<br \/>\nP\u00ebrfaq\u00ebsojn\u00eb kartelet e drog\u00ebs, organizatat kriminale, p\u00ebrfaq\u00ebsojn\u00eb miliardat e vjedhura t\u00eb qytetar\u00ebve shqiptar\u00eb\u201d, u shpreh Berisha.<\/p>\n","protected":false},"excerpt":{"rendered":"<p>Kryetari iPD, Sali Berisha n\u00eb nj\u00eb prononcim p\u00ebr mediat tha se, sot p\u00ebr drejtim e parlamentit u zgjodh nj\u00eb njeri me 5 dosje korrupsioni, Niko Peleshi \u00ebsht\u00eb nj\u00eb qenie amorfe! Berisha tha se, vendoset njeriu i implikuar zyrtarisht me dokumente me kartelin e heroin\u00ebs s\u00eb Elbasanit, me kartelin e kokain\u00ebs Elbasan-Peqin, me Bajr\u00ebt famoz\u00eb dhe &hellip;<\/p>\n","protected":false},"author":4,"featured_media":123088,"comment_status":"closed","ping_status":"closed","sticky":false,"template":"","format":"standard","meta":{"footnotes":""},"categories":[37],"tags":[],"class_list":["post-123087","post","type-post","status-publish","format-standard","has-post-thumbnail","","category-politike"],"_links":{"self":[{"href":"https:\/\/rdnews.al\/index.php\/wp-json\/wp\/v2\/posts\/123087","targetHints":{"allow":["GET"]}}],"collection":[{"href":"https:\/\/rdnews.al\/index.php\/wp-json\/wp\/v2\/posts"}],"about":[{"href":"https:\/\/rdnews.al\/index.php\/wp-json\/wp\/v2\/types\/post"}],"author":[{"embeddable":true,"href":"https:\/\/rdnews.al\/index.php\/wp-json\/wp\/v2\/users\/4"}],"replies":[{"embeddable":true,"href":"https:\/\/rdnews.al\/index.php\/wp-json\/wp\/v2\/comments?post=123087"}],"version-history":[{"count":1,"href":"https:\/\/rdnews.al\/index.php\/wp-json\/wp\/v2\/posts\/123087\/revisions"}],"predecessor-version":[{"id":123089,"href":"https:\/\/rdnews.al\/index.php\/wp-json\/wp\/v2\/posts\/123087\/revisions\/123089"}],"wp:featuredmedia":[{"embeddable":true,"href":"https:\/\/rdnews.al\/index.php\/wp-json\/wp\/v2\/media\/123088"}],"wp:attachment":[{"href":"https:\/\/rdnews.al\/index.php\/wp-json\/wp\/v2\/media?parent=123087"}],"wp:term":[{"taxonomy":"category","embeddable":true,"href":"https:\/\/rdnews.al\/index.php\/wp-json\/wp\/v2\/categories?post=123087"},{"taxonomy":"post_tag","embeddable":true,"href":"https:\/\/rdnews.al\/index.php\/wp-json\/wp\/v2\/tags?post=123087"}],"curies":[{"name":"wp","href":"https:\/\/api.w.org\/{rel}","templated":true}]}}