{"id":123101,"date":"2025-09-12T18:56:19","date_gmt":"2025-09-12T18:56:19","guid":{"rendered":"https:\/\/rdnews.al\/?p=123101"},"modified":"2025-09-12T20:06:24","modified_gmt":"2025-09-12T20:06:24","slug":"dielli-dhe-diella","status":"publish","type":"post","link":"https:\/\/rdnews.al\/index.php\/2025\/09\/12\/dielli-dhe-diella\/","title":{"rendered":"Dielli dhe Diella"},"content":{"rendered":"<p><strong>Nga Lutfi DERVISHI<\/strong><\/p>\n<p>N\u00eb qeverin\u00eb e kat\u00ebrt t\u00eb Rilindjes, pas gjith\u00eb ministrave me \u201ceksperienc\u00eb t\u00eb gjat\u00eb\u201d dhe shpesh traumatike me tenderat, erdhi koha t\u00eb provohet di\u00e7ka e re: Ministrja e Inteligjenc\u00ebs Artificiale \u2013 Diella.<\/p>\n<p><em>\u2013\u00a0<\/em>\u201cNga sot, prokurimet publike do t\u2019i b\u00ebj\u00eb vet\u00ebm inteligjenca, jo injoranca!\u201d \u2013 shpalli solemnisht Dielli.<\/p>\n<p>Heshtja n\u00eb sall\u00eb u thye nga nj\u00eb pyetje q\u00eb ndodhet n\u00eb kok\u00ebn e \u00e7do shqiptari.<\/p>\n<p><em>\u2013\u00a0<\/em>Po \u00e7far\u00eb garancish kemi q\u00eb Diella nuk do t\u00eb korruptohet?<\/p>\n<p>Dielli ngriti vertikalisht vetull\u00ebn e djatht\u00eb:<\/p>\n<p>\u2013 Diella \u00ebsht\u00eb artificiale, nuk ka bark p\u00ebr darka, nuk ka \u00e7anta p\u00ebr lek\u00eb, nuk pranon vila p\u00ebr dhurata. Pra, \u00ebsht\u00eb e pakorruptueshme! Pik\u00eb.<\/p>\n<p>Nga fundi i sall\u00ebs nj\u00eb gazetar mori guximin t\u00eb pyes\u00eb.<\/p>\n<p>\u2013 Po mir\u00eb, n\u00eb Shqip\u00ebri edhe engj\u00ebjt kur vijn\u00eb b\u00ebhen klientelist\u00eb. Ju keni th\u00ebn\u00eb se edhe gjermani po t\u00eb vij\u00eb k\u00ebtu b\u00ebhet shqiptar n\u00eb pelivanlleqe.<\/p>\n<p>Ministrja Diella, me z\u00eb elektronik, foli p\u00ebr her\u00eb t\u00eb par\u00eb:<\/p>\n<p>\u2013 Un\u00eb jam e programuar t\u00eb ndjek gjithmon\u00eb Diellin. Mbretin Diell. N\u00ebse Dielli n\u00ebnshkruan tenderin, un\u00eb e verifikoj q\u00eb firma e tij \u00ebsht\u00eb korrekte\u2026 me firm\u00ebn time.<\/p>\n<p>Dielli qeshi. Salla qeshi. Nj\u00eb gazetar kritik me qeverin\u00eb postoi n\u00eb facebook th\u00ebnien: N\u00eb Shqip\u00ebri, edhe Inteligjenca Artificiale ka patronazhistin real \u2013 Diellin.<\/p>\n","protected":false},"excerpt":{"rendered":"<p>Nga Lutfi DERVISHI N\u00eb qeverin\u00eb e kat\u00ebrt t\u00eb Rilindjes, pas gjith\u00eb ministrave me \u201ceksperienc\u00eb t\u00eb gjat\u00eb\u201d dhe shpesh traumatike me tenderat, erdhi koha t\u00eb provohet di\u00e7ka e re: Ministrja e Inteligjenc\u00ebs Artificiale \u2013 Diella. \u2013\u00a0\u201cNga sot, prokurimet publike do t\u2019i b\u00ebj\u00eb vet\u00ebm inteligjenca, jo injoranca!\u201d \u2013 shpalli solemnisht Dielli. Heshtja n\u00eb sall\u00eb u thye nga &hellip;<\/p>\n","protected":false},"author":4,"featured_media":123102,"comment_status":"closed","ping_status":"closed","sticky":false,"template":"","format":"standard","meta":{"footnotes":""},"categories":[134],"tags":[],"class_list":["post-123101","post","type-post","status-publish","format-standard","has-post-thumbnail","","category-news"],"_links":{"self":[{"href":"https:\/\/rdnews.al\/index.php\/wp-json\/wp\/v2\/posts\/123101","targetHints":{"allow":["GET"]}}],"collection":[{"href":"https:\/\/rdnews.al\/index.php\/wp-json\/wp\/v2\/posts"}],"about":[{"href":"https:\/\/rdnews.al\/index.php\/wp-json\/wp\/v2\/types\/post"}],"author":[{"embeddable":true,"href":"https:\/\/rdnews.al\/index.php\/wp-json\/wp\/v2\/users\/4"}],"replies":[{"embeddable":true,"href":"https:\/\/rdnews.al\/index.php\/wp-json\/wp\/v2\/comments?post=123101"}],"version-history":[{"count":1,"href":"https:\/\/rdnews.al\/index.php\/wp-json\/wp\/v2\/posts\/123101\/revisions"}],"predecessor-version":[{"id":123103,"href":"https:\/\/rdnews.al\/index.php\/wp-json\/wp\/v2\/posts\/123101\/revisions\/123103"}],"wp:featuredmedia":[{"embeddable":true,"href":"https:\/\/rdnews.al\/index.php\/wp-json\/wp\/v2\/media\/123102"}],"wp:attachment":[{"href":"https:\/\/rdnews.al\/index.php\/wp-json\/wp\/v2\/media?parent=123101"}],"wp:term":[{"taxonomy":"category","embeddable":true,"href":"https:\/\/rdnews.al\/index.php\/wp-json\/wp\/v2\/categories?post=123101"},{"taxonomy":"post_tag","embeddable":true,"href":"https:\/\/rdnews.al\/index.php\/wp-json\/wp\/v2\/tags?post=123101"}],"curies":[{"name":"wp","href":"https:\/\/api.w.org\/{rel}","templated":true}]}}