{"id":123111,"date":"2025-09-12T19:27:33","date_gmt":"2025-09-12T19:27:33","guid":{"rendered":"https:\/\/rdnews.al\/?p=123111"},"modified":"2025-09-12T20:06:04","modified_gmt":"2025-09-12T20:06:04","slug":"malltezi-cfare-kane-te-perbashket-fadil-nasufi-dhe-niko-peleshi","status":"publish","type":"post","link":"https:\/\/rdnews.al\/index.php\/2025\/09\/12\/malltezi-cfare-kane-te-perbashket-fadil-nasufi-dhe-niko-peleshi\/","title":{"rendered":"Malltezi: \u00c7far\u00eb kan\u00eb t\u00eb p\u00ebrbashk\u00ebt Fadil Nasufi dhe Niko Peleshi"},"content":{"rendered":"<p>Drejtuesi i Departamentit t\u00eb Mjedisit n\u00eb PD, Jamarb\u00ebr Malltezi, ka reaguar pas zgjedhjes s\u00eb Niko Peleshit n\u00eb krye t\u00eb Kuvendit.<\/p>\n<p>Malltezi shkruan n\u00eb nj\u00eb postim n\u00eb Facebook se, drejtuesi i komisionin t\u00eb zgjedhjes s\u00eb tij e kryesoi deputeti socialist Fadil Nasufi, duke i lidhur t\u00eb dy me t\u00eb nj\u00ebjt\u00ebn afer\u00eb korruptive.<\/p>\n<p>\u201c\u00c7far\u00eb kan\u00eb t\u00eb p\u00ebrbashk\u00ebt Fadil Nasufi dhe Niko Peleshi?<\/p>\n<p>T\u00eb dy i dhan\u00eb qindra mij\u00ebra euro Klodian Zotos p\u00ebr mat\u00ebsa uji dixhital inekzistent\u00eb! Por edhe kjo vjedhje \u00ebsht\u00eb intelektuale p\u00ebr sh\u00ebrb\u00ebtorin e Edi Ram\u00ebs\u201d,\u00a0shkruan Malltezi.<\/p>\n","protected":false},"excerpt":{"rendered":"<p>Drejtuesi i Departamentit t\u00eb Mjedisit n\u00eb PD, Jamarb\u00ebr Malltezi, ka reaguar pas zgjedhjes s\u00eb Niko Peleshit n\u00eb krye t\u00eb Kuvendit. Malltezi shkruan n\u00eb nj\u00eb postim n\u00eb Facebook se, drejtuesi i komisionin t\u00eb zgjedhjes s\u00eb tij e kryesoi deputeti socialist Fadil Nasufi, duke i lidhur t\u00eb dy me t\u00eb nj\u00ebjt\u00ebn afer\u00eb korruptive. \u201c\u00c7far\u00eb kan\u00eb t\u00eb p\u00ebrbashk\u00ebt &hellip;<\/p>\n","protected":false},"author":4,"featured_media":118590,"comment_status":"closed","ping_status":"closed","sticky":false,"template":"","format":"standard","meta":{"footnotes":""},"categories":[134],"tags":[],"class_list":["post-123111","post","type-post","status-publish","format-standard","has-post-thumbnail","","category-news"],"_links":{"self":[{"href":"https:\/\/rdnews.al\/index.php\/wp-json\/wp\/v2\/posts\/123111","targetHints":{"allow":["GET"]}}],"collection":[{"href":"https:\/\/rdnews.al\/index.php\/wp-json\/wp\/v2\/posts"}],"about":[{"href":"https:\/\/rdnews.al\/index.php\/wp-json\/wp\/v2\/types\/post"}],"author":[{"embeddable":true,"href":"https:\/\/rdnews.al\/index.php\/wp-json\/wp\/v2\/users\/4"}],"replies":[{"embeddable":true,"href":"https:\/\/rdnews.al\/index.php\/wp-json\/wp\/v2\/comments?post=123111"}],"version-history":[{"count":1,"href":"https:\/\/rdnews.al\/index.php\/wp-json\/wp\/v2\/posts\/123111\/revisions"}],"predecessor-version":[{"id":123112,"href":"https:\/\/rdnews.al\/index.php\/wp-json\/wp\/v2\/posts\/123111\/revisions\/123112"}],"wp:featuredmedia":[{"embeddable":true,"href":"https:\/\/rdnews.al\/index.php\/wp-json\/wp\/v2\/media\/118590"}],"wp:attachment":[{"href":"https:\/\/rdnews.al\/index.php\/wp-json\/wp\/v2\/media?parent=123111"}],"wp:term":[{"taxonomy":"category","embeddable":true,"href":"https:\/\/rdnews.al\/index.php\/wp-json\/wp\/v2\/categories?post=123111"},{"taxonomy":"post_tag","embeddable":true,"href":"https:\/\/rdnews.al\/index.php\/wp-json\/wp\/v2\/tags?post=123111"}],"curies":[{"name":"wp","href":"https:\/\/api.w.org\/{rel}","templated":true}]}}