{"id":123115,"date":"2025-09-12T19:33:03","date_gmt":"2025-09-12T19:33:03","guid":{"rendered":"https:\/\/rdnews.al\/?p=123115"},"modified":"2025-09-12T20:31:41","modified_gmt":"2025-09-12T20:31:41","slug":"prokuroria-e-pergjithshme-dokumenti-per-denimin-e-irena-gjokes-eshte-autent","status":"publish","type":"post","link":"https:\/\/rdnews.al\/index.php\/2025\/09\/12\/prokuroria-e-pergjithshme-dokumenti-per-denimin-e-irena-gjokes-eshte-autent\/","title":{"rendered":"Prokuroria \u00e7on drejt burgut Irena Gjok\u00ebn\/ Dokumenti p\u00ebr d\u00ebnimin e saj \u00ebsht\u00eb autentik"},"content":{"rendered":"<p>Prokuroria e P\u00ebrgjithshme ka pranuar zyrtarisht se dokumenti i shtetit grek p\u00ebr d\u00ebnimin e gjyqtares Irena Gjoka \u00ebsht\u00eb autentik. N\u00eb nj\u00eb p\u00ebrgjigje t\u00eb d\u00ebrguar n\u00eb Partin\u00eb Demokratike, dit\u00ebn e djeshme, Prokuroria ka pranuar se vendimi p\u00ebr d\u00ebnimin e gjyqtares Gjoka \u00ebsht\u00eb i v\u00ebrtet\u00eb.<\/p>\n<p>PD zyrtarisht ka ngritur shqet\u00ebsimin q\u00eb n\u00eb prill t\u00eb vitit 2024, duke k\u00ebrkuar nj\u00eb hetim t\u00eb thelluar nga Prokuroria e P\u00ebrgjithshme.<\/p>\n<p>N\u00eb shkres\u00ebn e PP-s\u00eb, dh\u00ebn\u00eb Adriana Kalas\u00eb\u00a0thuhet se autoritetet gjyq\u00ebsore greke kan\u00eb pranuar v\u00ebrtet\u00ebsin\u00eb e d\u00ebnimit te Gjok\u00ebs.<\/p>\n<p><strong>Pjes\u00eb nga p\u00ebrgjigja e Prokuroris\u00eb s\u00eb P\u00ebrgjithshme\u00a0<\/strong><\/p>\n<p>Gjithashtu, Prokuroria e P\u00ebrgjithshme, me shkres\u00ebn nr.183\/51 prot., dat\u00eb 08.05.2025, i \u00ebsht\u00eb drejtuar me k\u00ebrkes\u00eb p\u00ebr informacion Ministris\u00eb s\u00eb Brendshme, me q\u00ebllim verifikimin e pasaport\u00ebs s\u00eb zakonshme me nr. 1068376\/98.<\/p>\n<p>Deri aktualisht, me shkres\u00ebn nr.216\/7 prot., dat\u00eb 15.07.2025, Ministria e Drejt\u00ebsis\u00eb ka p\u00ebrcjell\u00eb p\u00ebrgjigjen e autoriteteve gjyq\u00ebsore greke n\u00eb lidhje me k\u00ebrkes\u00ebn ton\u00eb nr.183\/49 prot., dat\u00eb 07.05.2025, n\u00ebp\u00ebrmjet t\u00eb cil\u00ebs konfirmojn\u00eb se vendimi \u00ebsht\u00eb autentik dhe nuk \u00ebsht\u00eb ekzekutuar p\u00ebr shkak t\u00eb aktit t\u00eb Prokurorit. Bashk\u00eblidhur \u00ebsht\u00eb d\u00ebrguar nj\u00eb kopje e njehsuar me origjinalin e k\u00ebtij vendimi.<\/p>\n<p>Me shkres\u00ebn nr.2491\/2 prot, dat\u00eb 30.06.2025, Drejtoria e P\u00ebrgjithshme e Policis\u00eb s\u00eb Shtetit, i \u00ebsht\u00eb p\u00ebrgjigjur k\u00ebrkes\u00ebs son\u00eb nr. 183\/51 prot., dat\u00eb 08.05.2025, n\u00ebp\u00ebrmjet t\u00eb cil\u00ebs konfirmohet se pasaporta me nr. 1068376\/98 figuron n\u00eb grupin e pasaportave t\u00eb l\u00ebshuar m\u00eb dat\u00eb 16.06.1998 nga Drejtoria e Policis\u00eb Qarku Fier. Formular\u00ebt e praktikave t\u00eb k\u00ebtyre pasaportave jan\u00eb asgj\u00ebsuar pas kalimit t\u00eb afatit 5 vje\u00e7ar.<\/p>\n<div class=\"kodiim\" data-mce-contenteditable=\"false\"><iframe loading=\"lazy\" title=\"YouTube video player\" src=\"https:\/\/www.youtube.com\/embed\/1bGLN7gp84Y?si=dGZMlFeGMGofhF2o\" width=\"560\" height=\"315\" frameborder=\"0\" allowfullscreen=\"allowfullscreen\" data-mce-fragment=\"1\"><\/iframe><\/div>\n<p>Vendimi i Gjykat\u00ebs Administrative t\u00eb Shkall\u00ebs s\u00eb Par\u00eb Athin\u00eb, trupa e 23-t\u00eb, tre an\u00ebtar\u00ebshe, n\u00eb seanc\u00ebn e dat\u00ebs 27 tetor 2004, gjykoi k\u00ebrkes\u00ebn e Irena Manekut, k\u00ebrkes\u00eb p\u00ebr revokim mase t\u00eb non grat\u00ebs, kund\u00ebr shtetit grek, p\u00ebr arsye se iu ndalua hyrja n\u00eb Kakavij\u00eb.<\/p>\n<p>Kjo gjyqtare quhet Irena Shpata si mbiem\u00ebr i vajz\u00ebris\u00eb, por q\u00eb nga viti 2011 p\u00ebrdor mbiemrin e bashk\u00ebshortit t\u00eb saj t\u00eb dyt\u00eb, Gjoka. Nd\u00ebrsa n\u00eb at\u00eb koh\u00eb p\u00ebrdorte mbiemrin e bashk\u00ebshortit t\u00eb saj t\u00eb par\u00eb Maneku. Me bashk\u00ebshortin e saj t\u00eb par\u00eb kishte tentuar t\u00eb futej n\u00eb Greqi me dat\u00eb 24 dhjetor 2002, n\u00ebp\u00ebrmjet pik\u00ebs kufitare Kakavij\u00eb, duke p\u00ebrdorur nj\u00eb viz\u00eb t\u00eb falsifikuar konsullore, p\u00ebrsa i p\u00ebrket afatit dhe duke u p\u00ebrpjekur t\u00eb paraqitej si vorio epiriote. Pas k\u00ebtij falsifikimi rmri i ssj u fut n\u00eb list\u00ebn e personave t\u00eb pad\u00ebsh\u00ebruar t\u00eb sistemit Shengen. Iu ndalua hyrja p\u00ebr 10 vite p\u00ebr arsye sigurie publike. Dhe t\u00eb dh\u00ebnat e saj s\u00eb bsshku me shenjat e gishtave u depozituan n\u00eb baz\u00ebn p\u00ebrkat\u00ebse t\u00eb t\u00eb dh\u00ebnave.<\/p>\n<p>Pak muaj m\u00eb von\u00eb me 13 shkurt 2003, Irena Maneku u p\u00ebrpoq t\u00eb futej s\u00ebrish n\u00eb Greqi n\u00ebp\u00ebrmjet Kakavij\u00ebs. Iu ndalua hyrja p\u00ebr arsye t\u00eb siguris\u00eb publike ngaq\u00eb figuronte n\u00eb list\u00ebn e t\u00eb pad\u00ebshiruarve t\u00eb zon\u00ebs Shengen dhe iu dha asaj shkresa p\u00ebrkat\u00ebse.<\/p>\n<p>Menj\u00ebher\u00eb pas k\u00ebsaj ajo iu drejtua Gjykat\u00ebs Administrative t\u00eb Shkall\u00ebs s\u00eb Par\u00eb Athin\u00eb, kund\u00ebr vendimit t\u00eb d\u00ebbimit. Me vendim t\u00eb cilin ne e botojm\u00eb, k\u00ebrkesa e saj iu d\u00ebrgua, Gjykat\u00ebs Administrative t\u00eb Shkall\u00ebs s\u00eb Par\u00eb Janin\u00eb, e cila rr\u00ebzoi k\u00ebrkes\u00ebn e Manekut.<\/p>\n<p>N\u00eb vitin 2019 Irena Maneku duke p\u00ebrdorur mbiemrin e bashk\u00ebshortit t\u00eb saj t\u00eb dyt\u00eb, b\u00ebri k\u00ebrkes\u00eb me emrin Irena Gjoka, p\u00ebr t\u2019u b\u00ebr\u00eb an\u00ebtare e Gjykat\u00ebs s\u00eb Posa\u00e7me Kund\u00ebr Krimit t\u00eb Organizuar dhe Korrupsionit. P\u00ebr k\u00ebt\u00eb gjykat\u00eb ka kritere ndaluese p\u00ebr k\u00ebdo ndaj t\u00eb cilit ka pezull nj\u00eb proces gjyq\u00ebsor, ka nj\u00eb d\u00ebbim, ndalim hyrjeje n\u00eb nj\u00eb vend t\u00eb tret\u00eb si dhe regjistrim t\u00eb emrit n\u00eb baz\u00ebn e t\u00eb dh\u00ebnave Shengen p\u00ebr probleme ligjore, shkuan media greke.<\/p>\n","protected":false},"excerpt":{"rendered":"<p>Prokuroria e P\u00ebrgjithshme ka pranuar zyrtarisht se dokumenti i shtetit grek p\u00ebr d\u00ebnimin e gjyqtares Irena Gjoka \u00ebsht\u00eb autentik. N\u00eb nj\u00eb p\u00ebrgjigje t\u00eb d\u00ebrguar n\u00eb Partin\u00eb Demokratike, dit\u00ebn e djeshme, Prokuroria ka pranuar se vendimi p\u00ebr d\u00ebnimin e gjyqtares Gjoka \u00ebsht\u00eb i v\u00ebrtet\u00eb. PD zyrtarisht ka ngritur shqet\u00ebsimin q\u00eb n\u00eb prill t\u00eb vitit 2024, duke &hellip;<\/p>\n","protected":false},"author":4,"featured_media":66813,"comment_status":"closed","ping_status":"closed","sticky":false,"template":"","format":"standard","meta":{"footnotes":""},"categories":[37],"tags":[],"class_list":["post-123115","post","type-post","status-publish","format-standard","has-post-thumbnail","","category-politike"],"_links":{"self":[{"href":"https:\/\/rdnews.al\/index.php\/wp-json\/wp\/v2\/posts\/123115","targetHints":{"allow":["GET"]}}],"collection":[{"href":"https:\/\/rdnews.al\/index.php\/wp-json\/wp\/v2\/posts"}],"about":[{"href":"https:\/\/rdnews.al\/index.php\/wp-json\/wp\/v2\/types\/post"}],"author":[{"embeddable":true,"href":"https:\/\/rdnews.al\/index.php\/wp-json\/wp\/v2\/users\/4"}],"replies":[{"embeddable":true,"href":"https:\/\/rdnews.al\/index.php\/wp-json\/wp\/v2\/comments?post=123115"}],"version-history":[{"count":4,"href":"https:\/\/rdnews.al\/index.php\/wp-json\/wp\/v2\/posts\/123115\/revisions"}],"predecessor-version":[{"id":123124,"href":"https:\/\/rdnews.al\/index.php\/wp-json\/wp\/v2\/posts\/123115\/revisions\/123124"}],"wp:featuredmedia":[{"embeddable":true,"href":"https:\/\/rdnews.al\/index.php\/wp-json\/wp\/v2\/media\/66813"}],"wp:attachment":[{"href":"https:\/\/rdnews.al\/index.php\/wp-json\/wp\/v2\/media?parent=123115"}],"wp:term":[{"taxonomy":"category","embeddable":true,"href":"https:\/\/rdnews.al\/index.php\/wp-json\/wp\/v2\/categories?post=123115"},{"taxonomy":"post_tag","embeddable":true,"href":"https:\/\/rdnews.al\/index.php\/wp-json\/wp\/v2\/tags?post=123115"}],"curies":[{"name":"wp","href":"https:\/\/api.w.org\/{rel}","templated":true}]}}