{"id":123128,"date":"2025-09-12T21:28:44","date_gmt":"2025-09-12T21:28:44","guid":{"rendered":"https:\/\/rdnews.al\/?p=123128"},"modified":"2025-09-12T21:28:44","modified_gmt":"2025-09-12T21:28:44","slug":"tritan-shehu-thote-se-vota-e-tij-ne-parlament-ishte-ceshtje-refleksi","status":"publish","type":"post","link":"https:\/\/rdnews.al\/index.php\/2025\/09\/12\/tritan-shehu-thote-se-vota-e-tij-ne-parlament-ishte-ceshtje-refleksi\/","title":{"rendered":"Tritan Shehu thot\u00eb se vota e tij n\u00eb Parlament ishte &#8220;\u00e7\u00ebshtje refleksi&#8221;"},"content":{"rendered":"<p>Pasditen e sotme u votua p\u00ebr zgjedhjen e kryetarit t\u00eb ri t\u00eb Kuvendit, n\u00eb p\u00ebrfundim t\u00eb t\u00eb cilit u zgjodh Niko Peleshi, nd\u00ebrsa opozita e bojkotoi procesin.<\/p>\n<p>Deputetin demokrat Tritan Shehu, theu urdhrin e grupit parlamentar t\u00eb PD-s\u00eb dhe mori pjes\u00eb n\u00eb votimin p\u00ebr kreun e ri t\u00eb Kuvendit.<\/p>\n<p>N\u00eb nj\u00eb deklarat\u00eb p\u00ebr mediat jasht\u00eb ambienteve t\u00eb Kuvendit, Shehu tha se e vetmja arsye ishte refleksi i votimit dhe asgj\u00eb tjet\u00ebr.<\/p>\n<p>I pyetur sesi kishte votuar ndaj Niko Peleshit, Shehu tha se padyshim q\u00eb kishte votuar kund\u00ebr.<\/p>\n","protected":false},"excerpt":{"rendered":"<p>Pasditen e sotme u votua p\u00ebr zgjedhjen e kryetarit t\u00eb ri t\u00eb Kuvendit, n\u00eb p\u00ebrfundim t\u00eb t\u00eb cilit u zgjodh Niko Peleshi, nd\u00ebrsa opozita e bojkotoi procesin. Deputetin demokrat Tritan Shehu, theu urdhrin e grupit parlamentar t\u00eb PD-s\u00eb dhe mori pjes\u00eb n\u00eb votimin p\u00ebr kreun e ri t\u00eb Kuvendit. N\u00eb nj\u00eb deklarat\u00eb p\u00ebr mediat jasht\u00eb &hellip;<\/p>\n","protected":false},"author":3,"featured_media":123130,"comment_status":"closed","ping_status":"closed","sticky":false,"template":"","format":"standard","meta":{"footnotes":""},"categories":[37],"tags":[],"class_list":["post-123128","post","type-post","status-publish","format-standard","has-post-thumbnail","","category-politike"],"_links":{"self":[{"href":"https:\/\/rdnews.al\/index.php\/wp-json\/wp\/v2\/posts\/123128","targetHints":{"allow":["GET"]}}],"collection":[{"href":"https:\/\/rdnews.al\/index.php\/wp-json\/wp\/v2\/posts"}],"about":[{"href":"https:\/\/rdnews.al\/index.php\/wp-json\/wp\/v2\/types\/post"}],"author":[{"embeddable":true,"href":"https:\/\/rdnews.al\/index.php\/wp-json\/wp\/v2\/users\/3"}],"replies":[{"embeddable":true,"href":"https:\/\/rdnews.al\/index.php\/wp-json\/wp\/v2\/comments?post=123128"}],"version-history":[{"count":1,"href":"https:\/\/rdnews.al\/index.php\/wp-json\/wp\/v2\/posts\/123128\/revisions"}],"predecessor-version":[{"id":123131,"href":"https:\/\/rdnews.al\/index.php\/wp-json\/wp\/v2\/posts\/123128\/revisions\/123131"}],"wp:featuredmedia":[{"embeddable":true,"href":"https:\/\/rdnews.al\/index.php\/wp-json\/wp\/v2\/media\/123130"}],"wp:attachment":[{"href":"https:\/\/rdnews.al\/index.php\/wp-json\/wp\/v2\/media?parent=123128"}],"wp:term":[{"taxonomy":"category","embeddable":true,"href":"https:\/\/rdnews.al\/index.php\/wp-json\/wp\/v2\/categories?post=123128"},{"taxonomy":"post_tag","embeddable":true,"href":"https:\/\/rdnews.al\/index.php\/wp-json\/wp\/v2\/tags?post=123128"}],"curies":[{"name":"wp","href":"https:\/\/api.w.org\/{rel}","templated":true}]}}