{"id":123138,"date":"2025-09-13T08:54:53","date_gmt":"2025-09-13T08:54:53","guid":{"rendered":"https:\/\/rdnews.al\/?p=123138"},"modified":"2025-09-13T08:54:53","modified_gmt":"2025-09-13T08:54:53","slug":"durresi-nen-uje-vangjeli-ku-kane-shkuar-fondet-miliona-euro-te-dhena-nder-vite-nga-institucionet-e-be-se-te-hetohet-sako","status":"publish","type":"post","link":"https:\/\/rdnews.al\/index.php\/2025\/09\/13\/durresi-nen-uje-vangjeli-ku-kane-shkuar-fondet-miliona-euro-te-dhena-nder-vite-nga-institucionet-e-be-se-te-hetohet-sako\/","title":{"rendered":"Durr\u00ebsi n\u00ebn uj\u00eb\/ Vangjeli: Ku kan\u00eb shkuar fondet miliona euro t\u00eb dh\u00ebna nd\u00ebr vite nga institucionet e BE-s\u00eb? T\u00eb hetohet Sako"},"content":{"rendered":"<p><strong>Deklarata e z\u00ebdh\u00ebn\u00ebses s\u00eb Antikorrupsionit n\u00eb PD, Genta Vangjeli:<\/strong><\/p>\n<p>Reshjet intensive t\u00eb paralajm\u00ebruara k\u00ebt\u00eb jav\u00eb kan\u00eb sjell\u00eb nj\u00eb tjet\u00ebr p\u00ebrmbytje t\u00eb r\u00ebnd\u00eb n\u00eb qytetin e Durr\u00ebsit, duke shkaktuar d\u00ebme t\u00eb jasht\u00ebzakonshme p\u00ebr qytetar\u00ebt.<\/p>\n<p>Kjo situat\u00eb d\u00ebshmon edhe nj\u00eb her\u00eb d\u00ebshtimin sistematik t\u00eb institucioneve p\u00ebr t\u00eb garantuar siguri dhe infrastruktur\u00eb funksionale, pavar\u00ebsisht premtimeve dhe fondeve t\u00eb alokuara nd\u00ebr vite.<\/p>\n<p>N\u00eb k\u00ebt\u00eb kontekst, dor\u00ebheqja e Ermal Dredh\u00ebs \u00ebsht\u00eb nj\u00eb hap i domosdosh\u00ebm, por jo i mjaftuesh\u00ebm.<\/p>\n<p>K\u00ebsaj p\u00ebrgjegj\u00ebsie duhet t\u2019i bashkohet edhe Emirjana Sako, e cila ka mbajtur detyr\u00ebn e kryetares s\u00eb bashkis\u00eb nd\u00ebrkoh\u00eb q\u00eb qyteti ka vuajtur pasojat e menaxhimit t\u00eb dob\u00ebt t\u00eb burimeve dhe fondeve publike.<\/p>\n<p>Nd\u00ebrkoh\u00eb, kryeministri Edi Rama vijon t\u00eb jetoj\u00eb n\u00eb nj\u00eb realitet paralel, ku vizioni p\u00ebr nj\u00eb port turistik n\u00eb Durr\u00ebs fshihet pas pamjeve t\u00eb r\u00ebnda t\u00eb p\u00ebrmbytjeve, q\u00eb jan\u00eb realiteti i qytetar\u00ebve.<\/p>\n<p>I kujtojm\u00eb publikut se fondet p\u00ebr p\u00ebrmir\u00ebsimin e infrastruktur\u00ebs kan\u00eb ekzistuar, por ato kan\u00eb p\u00ebrfunduar n\u00eb xhepat e zyrtar\u00ebve t\u00eb lidhur me pushtetin.<\/p>\n<figure class=\"wp-block-image size-large\"><img loading=\"lazy\" decoding=\"async\" class=\"wp-image-23453\" src=\"https:\/\/pd.al\/wp-content\/uploads\/2025\/09\/1-1024x501.png\" sizes=\"auto, (max-width: 1821px) 100vw, 1821px\" srcset=\"https:\/\/pd.al\/wp-content\/uploads\/2025\/09\/1-1024x501.png 1024w, https:\/\/pd.al\/wp-content\/uploads\/2025\/09\/1-300x147.png 300w, https:\/\/pd.al\/wp-content\/uploads\/2025\/09\/1-768x376.png 768w, https:\/\/pd.al\/wp-content\/uploads\/2025\/09\/1-1536x752.png 1536w, https:\/\/pd.al\/wp-content\/uploads\/2025\/09\/1.png 1821w\" alt=\"\" width=\"1821\" height=\"891\" \/><\/figure>\n<p>Nga nj\u00eb investigim i kryer prej nesh rezulton se n\u00eb qend\u00ebr t\u00eb zbatimit t\u00eb disa prej projekteve infrastrukturore ka qen\u00eb shoq\u00ebria Adriatik sh.p.k, n\u00eb pron\u00ebsi t\u00eb familjes s\u00eb ish-kreut t\u00eb UKD, z. Spartak Kova\u00e7i.<\/p>\n<figure class=\"wp-block-image size-large\"><img loading=\"lazy\" decoding=\"async\" class=\"wp-image-23454\" src=\"https:\/\/pd.al\/wp-content\/uploads\/2025\/09\/2-1024x579.png\" sizes=\"auto, (max-width: 1024px) 100vw, 1024px\" srcset=\"https:\/\/pd.al\/wp-content\/uploads\/2025\/09\/2-1024x579.png 1024w, https:\/\/pd.al\/wp-content\/uploads\/2025\/09\/2-300x170.png 300w, https:\/\/pd.al\/wp-content\/uploads\/2025\/09\/2-768x434.png 768w, https:\/\/pd.al\/wp-content\/uploads\/2025\/09\/2.png 1066w\" alt=\"\" width=\"1024\" height=\"579\" \/><\/figure>\n<p><strong>Disa nga projektet p\u00ebrkat\u00ebse p\u00ebrfshijn\u00eb:<\/strong><\/p>\n<ul class=\"wp-block-list\">\n<li>10 milion\u00eb euro grant nga Komisioni Europian p\u00ebr nd\u00ebrtimin e rrjetit t\u00eb uj\u00ebrave t\u00eb zeza nga p\u00ebrroi i Agait (Shk\u00ebmbi i Kavaj\u00ebs) \u2013 Ura e Dajlanit- deri te impianti n\u00eb Sh\u00ebnavlash, i realizuar nga kompania italiane Giovanni Putignano &amp; S.r.l dhe firma shqiptare Adriatik sh.p.k.<\/li>\n<li>19.7 milion\u00eb euro p\u00ebr rehabilitimin e rrjetit n\u00eb zon\u00ebn Porto Romano\u2013Keneta dhe sistemimin e uj\u00ebrave t\u00eb shiut n\u00eb zonat urbane t\u00eb qytetit t\u00eb Durr\u00ebsit, me kontrat\u00ebn nr. 70\/3, dat\u00eb 19.01.2022, ku zbatues ka qen\u00eb s\u00ebrish Adriatik sh.p.k.<\/li>\n<li>400 mij\u00eb euro t\u00eb tjera p\u00ebr sistemimin e uj\u00ebrave t\u00eb bardha n\u00eb rrug\u00ebn \u2018Taulantia\u2019, me kontrat\u00eb t\u00eb dat\u00ebs 24 n\u00ebntor 2022, me zbatues Adriatik sh.p.k.<\/li>\n<\/ul>\n<p>T\u00eb dashur qytetar\u00eb, sa koh\u00eb Shqip\u00ebria do t\u00eb p\u00ebrfaq\u00ebsohet nga Edi Rama, p\u00ebrmbytjet dhe d\u00ebshtimet infrastrukturore nuk do t\u00eb jen\u00eb p\u00ebrjashtim \u2013 por rregull.<\/p>\n<figure class=\"wp-block-image size-large\"><img loading=\"lazy\" decoding=\"async\" class=\"wp-image-23456\" src=\"https:\/\/pd.al\/wp-content\/uploads\/2025\/09\/4-1024x701.png\" sizes=\"auto, (max-width: 1024px) 100vw, 1024px\" srcset=\"https:\/\/pd.al\/wp-content\/uploads\/2025\/09\/4-1024x701.png 1024w, https:\/\/pd.al\/wp-content\/uploads\/2025\/09\/4-300x205.png 300w, https:\/\/pd.al\/wp-content\/uploads\/2025\/09\/4-768x526.png 768w, https:\/\/pd.al\/wp-content\/uploads\/2025\/09\/4.png 1092w\" alt=\"\" width=\"1024\" height=\"701\" \/><\/figure>\n<p>Ftojm\u00eb institucionet p\u00ebrkat\u00ebse, t\u00eb nisin nj\u00eb hetim t\u00eb plot\u00eb dhe t\u00eb paansh\u00ebm mbi keqp\u00ebrdorimin e fondeve publike dhe konfliktet e interesit q\u00eb kan\u00eb d\u00ebmtuar r\u00ebnd\u00eb qytetar\u00ebt e Durr\u00ebsit dhe jo vet\u00ebm.<\/p>\n<div class=\"wp-block-file\" data-wp-interactive=\"core\/file\"><object class=\"wp-block-file__embed\" data=\"https:\/\/pd.al\/wp-content\/uploads\/2025\/09\/3.pdf\" type=\"application\/pdf\" width=\"300\" height=\"150\" data-wp-bind--hidden=\"!state.hasPdfPreview\" aria-label=\"Trup\u00ebzim i 3.\" data-mce-fragment=\"1\"><\/object><a id=\"wp-block-file--media-0974a582-66da-4456-a9d1-b9a79aabc4c2\" href=\"https:\/\/pd.al\/wp-content\/uploads\/2025\/09\/3.pdf\" target=\"_blank\" rel=\"noopener\">3<\/a><a class=\"wp-block-file__button wp-element-button\" href=\"https:\/\/pd.al\/wp-content\/uploads\/2025\/09\/3.pdf\" download=\"\" aria-describedby=\"wp-block-file--media-0974a582-66da-4456-a9d1-b9a79aabc4c2\" target=\"_blank\" rel=\"noopener\">Download<\/a><\/div>\n","protected":false},"excerpt":{"rendered":"<p>Deklarata e z\u00ebdh\u00ebn\u00ebses s\u00eb Antikorrupsionit n\u00eb PD, Genta Vangjeli: Reshjet intensive t\u00eb paralajm\u00ebruara k\u00ebt\u00eb jav\u00eb kan\u00eb sjell\u00eb nj\u00eb tjet\u00ebr p\u00ebrmbytje t\u00eb r\u00ebnd\u00eb n\u00eb qytetin e Durr\u00ebsit, duke shkaktuar d\u00ebme t\u00eb jasht\u00ebzakonshme p\u00ebr qytetar\u00ebt. Kjo situat\u00eb d\u00ebshmon edhe nj\u00eb her\u00eb d\u00ebshtimin sistematik t\u00eb institucioneve p\u00ebr t\u00eb garantuar siguri dhe infrastruktur\u00eb funksionale, pavar\u00ebsisht premtimeve dhe fondeve t\u00eb &hellip;<\/p>\n","protected":false},"author":4,"featured_media":123139,"comment_status":"closed","ping_status":"closed","sticky":false,"template":"","format":"standard","meta":{"footnotes":""},"categories":[37],"tags":[],"class_list":["post-123138","post","type-post","status-publish","format-standard","has-post-thumbnail","","category-politike"],"_links":{"self":[{"href":"https:\/\/rdnews.al\/index.php\/wp-json\/wp\/v2\/posts\/123138","targetHints":{"allow":["GET"]}}],"collection":[{"href":"https:\/\/rdnews.al\/index.php\/wp-json\/wp\/v2\/posts"}],"about":[{"href":"https:\/\/rdnews.al\/index.php\/wp-json\/wp\/v2\/types\/post"}],"author":[{"embeddable":true,"href":"https:\/\/rdnews.al\/index.php\/wp-json\/wp\/v2\/users\/4"}],"replies":[{"embeddable":true,"href":"https:\/\/rdnews.al\/index.php\/wp-json\/wp\/v2\/comments?post=123138"}],"version-history":[{"count":1,"href":"https:\/\/rdnews.al\/index.php\/wp-json\/wp\/v2\/posts\/123138\/revisions"}],"predecessor-version":[{"id":123140,"href":"https:\/\/rdnews.al\/index.php\/wp-json\/wp\/v2\/posts\/123138\/revisions\/123140"}],"wp:featuredmedia":[{"embeddable":true,"href":"https:\/\/rdnews.al\/index.php\/wp-json\/wp\/v2\/media\/123139"}],"wp:attachment":[{"href":"https:\/\/rdnews.al\/index.php\/wp-json\/wp\/v2\/media?parent=123138"}],"wp:term":[{"taxonomy":"category","embeddable":true,"href":"https:\/\/rdnews.al\/index.php\/wp-json\/wp\/v2\/categories?post=123138"},{"taxonomy":"post_tag","embeddable":true,"href":"https:\/\/rdnews.al\/index.php\/wp-json\/wp\/v2\/tags?post=123138"}],"curies":[{"name":"wp","href":"https:\/\/api.w.org\/{rel}","templated":true}]}}