{"id":123148,"date":"2025-09-13T09:28:34","date_gmt":"2025-09-13T09:28:34","guid":{"rendered":"https:\/\/rdnews.al\/?p=123148"},"modified":"2025-09-13T09:28:34","modified_gmt":"2025-09-13T09:28:34","slug":"do-te-hetohet-si-organizate-kriminale-trump-nuk-do-te-lejojme-te-cmendur-si-soros-te-shkaterrojne-ameriken","status":"publish","type":"post","link":"https:\/\/rdnews.al\/index.php\/2025\/09\/13\/do-te-hetohet-si-organizate-kriminale-trump-nuk-do-te-lejojme-te-cmendur-si-soros-te-shkaterrojne-ameriken\/","title":{"rendered":"Do t\u00eb hetohet si organizate kriminale\/ Trump: Nuk do t\u00eb lejojm\u00eb t\u00eb \u00e7mendur si Soros t\u00eb shkat\u00ebrrojn\u00eb Amerik\u00ebn"},"content":{"rendered":"<p>Presidenti i Shteteve t\u00eb Bashkuara, Donald Trump, ka rikonfirmuar synimin e tij p\u00ebr t\u00eb hetuar financierin miliarder George Soros, duke e akuzuar at\u00eb p\u00ebr p\u00ebrfshirje n\u00eb organizimin e protestave t\u00eb dhunshme n\u00eb SHBA. N\u00eb nj\u00eb intervist\u00eb p\u00ebr Fox News, Trump deklaroi se \u00e7\u00ebshtja do t\u00eb trajtohet si nj\u00eb rast RICO, nj\u00eb ligj federal q\u00eb p\u00ebrdoret kund\u00ebr organizatave t\u00eb strukturuara kriminale.<\/p>\n<p>\u201cDo ta shqyrtojm\u00eb rastin e Sorosit, sepse mendoj se \u00ebsht\u00eb nj\u00eb rast RICO kund\u00ebr tij dhe njer\u00ebzve t\u00eb tjer\u00eb. Sepse kjo \u00ebsht\u00eb m\u00eb shum\u00eb sesa thjesht protesta. Ky \u00ebsht\u00eb nj\u00eb agjitacion i v\u00ebrtet\u00eb,\u201d tha ai.<\/p>\n<p>Trump kishte b\u00ebr\u00eb komente t\u00eb ngjashme edhe m\u00eb 27 gusht n\u00eb platform\u00ebn e tij Truth Social, ku shkroi:<br \/>\n\u201cNe nuk do t\u2019i lejojm\u00eb m\u00eb k\u00ebta t\u00eb \u00e7mendur ta shkat\u00ebrrojn\u00eb Amerik\u00ebn. Soros dhe grupi i tij i psikopat\u00ebve i kan\u00eb shkaktuar d\u00ebme t\u00eb m\u00ebdha vendit ton\u00eb!\u201d<\/p>\n<p>Ligji RICO (Racketeer Influenced and Corrupt Organizations Act) parashikon nd\u00ebshkime t\u00eb r\u00ebnda p\u00ebr personat q\u00eb drejtojn\u00eb ose jan\u00eb t\u00eb p\u00ebrfshir\u00eb n\u00eb organizata t\u00eb dyshuara kriminale, duke p\u00ebrfshir\u00eb d\u00ebnime deri n\u00eb 20 vjet burg dhe gjoba t\u00eb m\u00ebdha financiare.<\/p>\n","protected":false},"excerpt":{"rendered":"<p>Presidenti i Shteteve t\u00eb Bashkuara, Donald Trump, ka rikonfirmuar synimin e tij p\u00ebr t\u00eb hetuar financierin miliarder George Soros, duke e akuzuar at\u00eb p\u00ebr p\u00ebrfshirje n\u00eb organizimin e protestave t\u00eb dhunshme n\u00eb SHBA. N\u00eb nj\u00eb intervist\u00eb p\u00ebr Fox News, Trump deklaroi se \u00e7\u00ebshtja do t\u00eb trajtohet si nj\u00eb rast RICO, nj\u00eb ligj federal q\u00eb p\u00ebrdoret &hellip;<\/p>\n","protected":false},"author":3,"featured_media":123149,"comment_status":"closed","ping_status":"closed","sticky":false,"template":"","format":"standard","meta":{"footnotes":""},"categories":[38],"tags":[],"class_list":["post-123148","post","type-post","status-publish","format-standard","has-post-thumbnail","","category-bota"],"_links":{"self":[{"href":"https:\/\/rdnews.al\/index.php\/wp-json\/wp\/v2\/posts\/123148","targetHints":{"allow":["GET"]}}],"collection":[{"href":"https:\/\/rdnews.al\/index.php\/wp-json\/wp\/v2\/posts"}],"about":[{"href":"https:\/\/rdnews.al\/index.php\/wp-json\/wp\/v2\/types\/post"}],"author":[{"embeddable":true,"href":"https:\/\/rdnews.al\/index.php\/wp-json\/wp\/v2\/users\/3"}],"replies":[{"embeddable":true,"href":"https:\/\/rdnews.al\/index.php\/wp-json\/wp\/v2\/comments?post=123148"}],"version-history":[{"count":1,"href":"https:\/\/rdnews.al\/index.php\/wp-json\/wp\/v2\/posts\/123148\/revisions"}],"predecessor-version":[{"id":123150,"href":"https:\/\/rdnews.al\/index.php\/wp-json\/wp\/v2\/posts\/123148\/revisions\/123150"}],"wp:featuredmedia":[{"embeddable":true,"href":"https:\/\/rdnews.al\/index.php\/wp-json\/wp\/v2\/media\/123149"}],"wp:attachment":[{"href":"https:\/\/rdnews.al\/index.php\/wp-json\/wp\/v2\/media?parent=123148"}],"wp:term":[{"taxonomy":"category","embeddable":true,"href":"https:\/\/rdnews.al\/index.php\/wp-json\/wp\/v2\/categories?post=123148"},{"taxonomy":"post_tag","embeddable":true,"href":"https:\/\/rdnews.al\/index.php\/wp-json\/wp\/v2\/tags?post=123148"}],"curies":[{"name":"wp","href":"https:\/\/api.w.org\/{rel}","templated":true}]}}