{"id":123156,"date":"2025-09-13T10:11:31","date_gmt":"2025-09-13T10:11:31","guid":{"rendered":"https:\/\/rdnews.al\/?p=123156"},"modified":"2025-09-13T10:11:31","modified_gmt":"2025-09-13T10:11:31","slug":"idioti-i-presidences-ushtar-bakja-dekreton-diellen-ministre","status":"publish","type":"post","link":"https:\/\/rdnews.al\/index.php\/2025\/09\/13\/idioti-i-presidences-ushtar-bakja-dekreton-diellen-ministre\/","title":{"rendered":"Idioti i Presidenc\u00ebs\/ Ushtar Bakja dekreton &#8220;Diell\u00ebn&#8221; ministre"},"content":{"rendered":"<p>Gazment Bardhi ka reaguar pasi presidenti Bajram Begaj mandatoi Edi Ram\u00ebn p\u00ebr kryeminist\u00ebr, teksa n\u00eb dekretin e firmosur nga kreu i shtetit, binte n\u00eb sy detaji ku n\u00eb pik\u00ebn 2 shkruhej:\u00a0<em>\u201cKryeministri ushtron edhe p\u00ebrgjegj\u00ebsin\u00eb p\u00ebr ngritjen dhe funksionimin e Ministrit Virtual t\u00eb Inteligjenc\u00ebs Artificiale \u2018Diella\u2019\u201d.<\/em><\/p>\n<p>P\u00ebrmes nj\u00eb postimi n\u00eb rrjhetet sociale, Bardhi e ka konsideruar k\u00ebt\u00eb akt si qesharak dhe t\u00ebr\u00ebsisht antikushtetues, pasi sipas tij, bie ndesh me nenet 96, 97, 102 dhe 103 t\u00eb Kushtetut\u00ebs.<\/p>\n<p>Bardhi thot\u00eb se minist\u00ebr mund t\u00eb em\u00ebrohet: nj\u00eb shtetas shqiptar; q\u00eb ka mbushur 18 vje\u00e7; dhe \u00ebsht\u00eb i aft\u00eb mend\u00ebrisht, teksa shtron pyetjen se cil\u00ebn nga k\u00ebto kritere plot\u00ebson \u201cDiella\u201d.<\/p>\n<p>Ai shton m\u00eb tej se karagjozll\u00ebqet e kryeministrit nuk mund t\u00eb shnd\u00ebrrohen n\u00eb akte juridike t\u00eb shtetit shqiptar. Sipas tij, ushtar Bajrami po tenton ta shnd\u00ebrroj\u00eb Republik\u00ebn n\u00eb nj\u00eb pala\u00e7oll\u00ebk, si\u00e7 \u00ebsht\u00eb ai vet\u00eb.\u201d<\/p>\n","protected":false},"excerpt":{"rendered":"<p>Gazment Bardhi ka reaguar pasi presidenti Bajram Begaj mandatoi Edi Ram\u00ebn p\u00ebr kryeminist\u00ebr, teksa n\u00eb dekretin e firmosur nga kreu i shtetit, binte n\u00eb sy detaji ku n\u00eb pik\u00ebn 2 shkruhej:\u00a0\u201cKryeministri ushtron edhe p\u00ebrgjegj\u00ebsin\u00eb p\u00ebr ngritjen dhe funksionimin e Ministrit Virtual t\u00eb Inteligjenc\u00ebs Artificiale \u2018Diella\u2019\u201d. P\u00ebrmes nj\u00eb postimi n\u00eb rrjhetet sociale, Bardhi e ka konsideruar &hellip;<\/p>\n","protected":false},"author":3,"featured_media":14265,"comment_status":"closed","ping_status":"closed","sticky":false,"template":"","format":"standard","meta":{"footnotes":""},"categories":[37],"tags":[],"class_list":["post-123156","post","type-post","status-publish","format-standard","has-post-thumbnail","","category-politike"],"_links":{"self":[{"href":"https:\/\/rdnews.al\/index.php\/wp-json\/wp\/v2\/posts\/123156","targetHints":{"allow":["GET"]}}],"collection":[{"href":"https:\/\/rdnews.al\/index.php\/wp-json\/wp\/v2\/posts"}],"about":[{"href":"https:\/\/rdnews.al\/index.php\/wp-json\/wp\/v2\/types\/post"}],"author":[{"embeddable":true,"href":"https:\/\/rdnews.al\/index.php\/wp-json\/wp\/v2\/users\/3"}],"replies":[{"embeddable":true,"href":"https:\/\/rdnews.al\/index.php\/wp-json\/wp\/v2\/comments?post=123156"}],"version-history":[{"count":1,"href":"https:\/\/rdnews.al\/index.php\/wp-json\/wp\/v2\/posts\/123156\/revisions"}],"predecessor-version":[{"id":123157,"href":"https:\/\/rdnews.al\/index.php\/wp-json\/wp\/v2\/posts\/123156\/revisions\/123157"}],"wp:featuredmedia":[{"embeddable":true,"href":"https:\/\/rdnews.al\/index.php\/wp-json\/wp\/v2\/media\/14265"}],"wp:attachment":[{"href":"https:\/\/rdnews.al\/index.php\/wp-json\/wp\/v2\/media?parent=123156"}],"wp:term":[{"taxonomy":"category","embeddable":true,"href":"https:\/\/rdnews.al\/index.php\/wp-json\/wp\/v2\/categories?post=123156"},{"taxonomy":"post_tag","embeddable":true,"href":"https:\/\/rdnews.al\/index.php\/wp-json\/wp\/v2\/tags?post=123156"}],"curies":[{"name":"wp","href":"https:\/\/api.w.org\/{rel}","templated":true}]}}