{"id":123158,"date":"2025-09-13T12:00:13","date_gmt":"2025-09-13T12:00:13","guid":{"rendered":"https:\/\/rdnews.al\/?p=123158"},"modified":"2025-09-13T12:00:13","modified_gmt":"2025-09-13T12:00:13","slug":"revolta-banoret-e-valbones-kunder-fadromave-te-rames-na-la-pa-buke","status":"publish","type":"post","link":"https:\/\/rdnews.al\/index.php\/2025\/09\/13\/revolta-banoret-e-valbones-kunder-fadromave-te-rames-na-la-pa-buke\/","title":{"rendered":"Revolta\/ Banor\u00ebt e Valbon\u00ebs kund\u00ebr fadromave t\u00eb Ram\u00ebs: Na la pa buk\u00eb!"},"content":{"rendered":"<p>Aksioni i IKMT-s\u00eb p\u00ebr prishjen e nd\u00ebrtimeve pa leje n\u00eb Parkun Komb\u00ebtar t\u00eb Valbon\u00ebs ka tronditur banor\u00ebt e zon\u00ebs, duke sjell\u00eb d\u00ebshp\u00ebrim, lot dhe akuza t\u00eb forta.<\/p>\n<div class=\"jeg_ad jeg_ad_article jnews_content_inline_ads  \">\n<div class=\"ads-wrapper align-center \"><\/div>\n<\/div>\n<p>T\u00eb moshuar q\u00eb kishin ngritur bujtinat me kursime nga djemt\u00eb emigrant\u00eb, pan\u00eb fadromat t\u00eb shembnin muret para syve t\u00eb tyre. \u201cJ<em>emi shqiptar\u00eb, votues t\u00eb Edi Ram\u00ebs. Sot m\u00eb mir\u00eb t\u00eb na pushkatonin. Na vun\u00eb fadrom\u00ebn mbi krye dhe na lan\u00eb pa buk\u00eb<\/em>,\u201d tha mes lot\u00ebve nj\u00eb i moshuar.<\/p>\n<p>Sipas t\u00eb dh\u00ebnave zyrtare, deri tani jan\u00eb shembur 3 objekte, 16 t\u00eb tjera po \u00e7montohen nga vet\u00eb banor\u00ebt p\u00ebr t\u00eb shp\u00ebtuar materialet dhe 3 mbeten n\u00eb list\u00ebn e IKMT.<\/p>\n<figure class=\"wp-caption alignnone\"><img loading=\"lazy\" decoding=\"async\" src=\"https:\/\/cdnimpuls.com\/dosja.al\/media3\/-640-0-1757750062xauto-screenshot-21757749353-1-887.jpg\" alt=\"Vijon prishja e bujtuinave n\u00eb Valbon\u00eb\/ Banor\u00ebt n\u00eb lot: 30\" width=\"640\" height=\"348\" data-pin-no-hover=\"true\" \/><figcaption class=\"wp-caption-text\"><em>Banore e Valbon\u00ebs<\/em><\/figcaption><\/figure>\n<p>Atmosfera n\u00eb fshat \u00ebsht\u00eb e r\u00ebnduar: shum\u00eb familje, q\u00eb jetonin vet\u00ebm nga turizmi, ndihen t\u00eb braktisur dhe t\u00eb tradhtuar. \u201c<em>Kemi marr\u00eb kredi, kemi shitur bag\u00ebti dhe sot gjith\u00e7ka na e rrafshuan. Kjo nuk \u00ebsht\u00eb drejt\u00ebsi, ky \u00ebsht\u00eb krim,\u201d<\/em>\u00a0\u2013 u shpreh nj\u00eb tjet\u00ebr banor.<\/p>\n<p>\u201c<em>Jam me plot ila\u00e7e, e kam sht\u00ebpin\u00eb me uj\u00eb dhe lag\u00ebshtir\u00eb. E kemi nd\u00ebrtuar p\u00ebr t\u00eb ngr\u00ebn\u00eb nj\u00eb cop\u00eb buk\u00eb. F\u00ebmij\u00ebt jan\u00eb duke qar\u00eb\u2026 K\u00ebt\u00eb vit e b\u00ebm\u00eb, k\u00ebt\u00eb vit e prish\u00ebn. T\u00eb na mbysin ne n\u00ebse duan me e prish\u2026<\/em> \u201d, tha e moshuara mes lot\u00ebsh.<\/p>\n<p>\u201c<em>Ia prish \u00e7atin\u00eb\u2026 jam shqiptar, nuk jam serb. Rr\u00ebzoje dhe lere ashtu\u2026 nuk ka b\u00ebr\u00eb vaki. N\u00eb tok\u00eb ton\u00eb, n\u00eb sht\u00ebpin\u00eb ton\u00eb, \u00ebsht\u00eb gjynah. Me djeg shqiptari shqiptarin, m\u00eb keq nuk ka. Kan\u00eb ardhur 3 polic\u00eb dhe 1 police e m\u00eb than\u00eb \u2018Ja pafshi hajrin\u2019. Para votimeve i kemi nd\u00ebrtuar<\/em>\u201d, u shpreh i moshuari tjet\u00ebr.<\/p>\n<p>Aksionet p\u00ebr prishjen e nd\u00ebrtimeve pa leje n\u00eb zonat malore nuk jan\u00eb t\u00eb reja. Vet\u00ebm dy muaj m\u00eb par\u00eb, fshati turistik i Thethit u trondit nga nd\u00ebrhyrja e IKMT-s\u00eb, ku u shemb\u00ebn dhjet\u00ebra kabina e bujtina prej druri. Aty, banor\u00ebt akuzuan kryeministrin Rama p\u00ebr premtime t\u00eb pambajtura dhe p\u00ebr mesazhe kontradiktore: fillimisht i ftoi t\u00eb investonin n\u00eb trojet e t\u00eb par\u00ebve, m\u00eb pas i etiketoi si \u201ckriminel\u00eb\u201d dhe \u201czaptues\u201d.<\/p>\n<figure class=\"wp-caption alignnone\"><img loading=\"lazy\" decoding=\"async\" src=\"https:\/\/www.reporter.al\/wp-content\/uploads\/2025\/07\/petrit-koceku-750x563.jpg\" alt=\"Mes Alpeve n\u00eb Theth, ligji nd\u00ebshkon edhe ata q\u00eb p\u00ebrpiqen ta respektojn\u00eb\" width=\"750\" height=\"563\" data-pin-no-hover=\"true\" \/><figcaption class=\"wp-caption-text\"><em>Pronar i nj\u00eb bujtine n\u00eb Theth<\/em><\/figcaption><\/figure>\n<p>Shum\u00eb prej tyre, t\u00eb rikthyer nga emigracioni me kursime e kredi, pan\u00eb \u00ebndrrat e tyre t\u00eb shkat\u00ebrruara para syve.<\/p>\n<p>Nga ana tjet\u00ebr, Kryeministri Edi Rama, \u00ebsht\u00eb shprehur se aty nuk jan\u00eb prekur banor\u00ebt e zon\u00ebs, por \u201cindivid\u00eb q\u00eb nuk kishin as lidhje me vendin\u201d. \u201c<em>Nuk b\u00ebhet fjal\u00eb p\u00ebr disa t\u00eb shkret\u00eb, por p\u00ebr nd\u00ebrtime p\u00ebr q\u00ebllime fitimi<\/em>,\u201d tha Rama, duke shtuar se qeveria ka legalizuar mbi 300 sht\u00ebpi t\u00eb vjetra n\u00eb Theth dhe se operacioni kishte p\u00ebr q\u00ebllim \u201ct\u00eb \u00e7lironte zemr\u00ebn e parkut komb\u00ebtar\u201d. Ai p\u00ebrs\u00ebriti se nuk do t\u00eb ket\u00eb asnj\u00eb toleranc\u00eb p\u00ebr nd\u00ebrtimet pa leje dhe paralajm\u00ebroi vijimin e aksioneve n\u00eb t\u00eb gjith\u00eb vendin.<\/p>\n<p>\u201c<em>Nuk b\u00ebhet fjal\u00eb p\u00ebr disa t\u00eb shkret\u00eb, b\u00ebhet fjal\u00eb p\u00ebr individ\u00eb t\u00eb cil\u00ebt jan\u00eb ngjitur deri atje dhe n\u00eb nj\u00eb mas\u00eb t\u00eb konsiderueshme t\u00eb rasteve nuk jan\u00eb banor\u00eb t\u00eb atij vendi dhe rasti flagrant q\u00eb u b\u00eb shkak jan\u00eb individ\u00eb q\u00eb as jan\u00eb shfaqur t\u00eb pretendojn\u00eb asgj\u00eb. Policia po heton si ka ndodhur dhe kush \u00ebsht\u00eb mbrapa pushtimit t\u00eb zemr\u00ebs s\u00eb Thethit dhe b\u00ebhet fjal\u00eb p\u00ebr nd\u00ebrtime t\u00eb cilat nuk jan\u00eb p\u00ebr t\u00eb futur kok\u00ebn, po jan\u00eb p\u00ebr q\u00ebllime fitimi. Nuk e di t\u00eb ket\u00eb ndonj\u00eb teori q\u00eb e amniston shkel\u00ebsin e ligjit duke ja ngarkuar fajin strukturave t\u00eb shtetit n\u00ebse nuk e kapin shkel\u00ebsin n\u00eb sekond\u00ebn kur ai fillon b\u00ebn shkeljen. Mbetet p\u00ebr t\u00eb par\u00eb se \u00e7far\u00eb p\u00ebrgjegj\u00ebsie do t\u00eb marr\u00eb KLP lidhur me zonj\u00ebn Gjeli e cila nuk ka pranuar t\u00eb filloj\u00eb as hetimet bazuar n\u00eb denoncimet e b\u00ebra. N\u00eb Theth jan\u00eb goditur 40 objekte dhe Policia ka nj\u00eb num\u00ebr t\u00eb konsideruesh\u00ebm denoncimesh t\u00eb b\u00ebra n\u00eb prokurori lidhur me k\u00ebto objekte dhe prokuroria nuk ka nd\u00ebrmarr\u00eb asnj\u00eb hetim<\/em>\u201d, tha Rama.<\/p>\n<p>Por fjal\u00ebt e kryeministrit bien ndesh me realitetin e Valbon\u00ebs, ku jan\u00eb shembur kryesisht sht\u00ebpi e bujtina familjare, t\u00eb ngritura nga banor\u00eb t\u00eb zon\u00ebs p\u00ebr t\u00eb siguruar mbijetes\u00ebn. \u201c<em>Na quan t\u00eb shkret\u00eb, na quan pushtues. Po ku t\u00eb jetojm\u00eb? K\u00ebtu kemi lindur, k\u00ebtu kemi varret e prind\u00ebrve. Nuk kemi tok\u00eb tjet\u00eb<\/em>r,\u201d \u2013 reagoi nj\u00eb banore.<\/p>\n","protected":false},"excerpt":{"rendered":"<p>Aksioni i IKMT-s\u00eb p\u00ebr prishjen e nd\u00ebrtimeve pa leje n\u00eb Parkun Komb\u00ebtar t\u00eb Valbon\u00ebs ka tronditur banor\u00ebt e zon\u00ebs, duke sjell\u00eb d\u00ebshp\u00ebrim, lot dhe akuza t\u00eb forta. T\u00eb moshuar q\u00eb kishin ngritur bujtinat me kursime nga djemt\u00eb emigrant\u00eb, pan\u00eb fadromat t\u00eb shembnin muret para syve t\u00eb tyre. \u201cJemi shqiptar\u00eb, votues t\u00eb Edi Ram\u00ebs. Sot m\u00eb &hellip;<\/p>\n","protected":false},"author":4,"featured_media":123159,"comment_status":"closed","ping_status":"closed","sticky":false,"template":"","format":"standard","meta":{"footnotes":""},"categories":[37],"tags":[],"class_list":["post-123158","post","type-post","status-publish","format-standard","has-post-thumbnail","","category-politike"],"_links":{"self":[{"href":"https:\/\/rdnews.al\/index.php\/wp-json\/wp\/v2\/posts\/123158","targetHints":{"allow":["GET"]}}],"collection":[{"href":"https:\/\/rdnews.al\/index.php\/wp-json\/wp\/v2\/posts"}],"about":[{"href":"https:\/\/rdnews.al\/index.php\/wp-json\/wp\/v2\/types\/post"}],"author":[{"embeddable":true,"href":"https:\/\/rdnews.al\/index.php\/wp-json\/wp\/v2\/users\/4"}],"replies":[{"embeddable":true,"href":"https:\/\/rdnews.al\/index.php\/wp-json\/wp\/v2\/comments?post=123158"}],"version-history":[{"count":1,"href":"https:\/\/rdnews.al\/index.php\/wp-json\/wp\/v2\/posts\/123158\/revisions"}],"predecessor-version":[{"id":123160,"href":"https:\/\/rdnews.al\/index.php\/wp-json\/wp\/v2\/posts\/123158\/revisions\/123160"}],"wp:featuredmedia":[{"embeddable":true,"href":"https:\/\/rdnews.al\/index.php\/wp-json\/wp\/v2\/media\/123159"}],"wp:attachment":[{"href":"https:\/\/rdnews.al\/index.php\/wp-json\/wp\/v2\/media?parent=123158"}],"wp:term":[{"taxonomy":"category","embeddable":true,"href":"https:\/\/rdnews.al\/index.php\/wp-json\/wp\/v2\/categories?post=123158"},{"taxonomy":"post_tag","embeddable":true,"href":"https:\/\/rdnews.al\/index.php\/wp-json\/wp\/v2\/tags?post=123158"}],"curies":[{"name":"wp","href":"https:\/\/api.w.org\/{rel}","templated":true}]}}