{"id":123161,"date":"2025-09-13T16:28:02","date_gmt":"2025-09-13T16:28:02","guid":{"rendered":"https:\/\/rdnews.al\/?p=123161"},"modified":"2025-09-13T16:28:38","modified_gmt":"2025-09-13T16:28:38","slug":"ramaduro-dhe-dekreti-antikushtetues-i-begajt","status":"publish","type":"post","link":"https:\/\/rdnews.al\/index.php\/2025\/09\/13\/ramaduro-dhe-dekreti-antikushtetues-i-begajt\/","title":{"rendered":"Ramaduro dhe dekreti antikushtetues i Begajt!"},"content":{"rendered":"<p><strong>Nga Sali BERISHA<\/strong><\/p>\n<p>N\u00eb nj\u00eb rast unik n\u00eb historin\u00eb e bot\u00ebs, m\u00eb sakt\u00eb, n\u00eb komedin\u00eb bot\u00ebrore, kukulla e Edi Ram\u00ebs, Presidenti Begaj, me propozimin e kryetarit t\u00eb PS, Edi Rama, me dekretin e djesh\u00ebm presidencial em\u00ebroi, p\u00ebrve\u00e7 kryeministrit, edhe Ministrin Virtual t\u00eb Inteligjenc\u00ebs Artificiale, apo Diella Ram\u00ebn, n\u00ebn p\u00ebrgjegj\u00ebsin\u00eb e Kryeministrit p\u00ebr krijimin dhe funksionimin e saj. K\u00ebshtu, duke shkelur Kushtetut\u00ebn dhe n\u00eb fyerje t\u00eb inteligjenc\u00ebs, shtohet nj\u00eb d\u00ebm kushtetues q\u00eb \u00ebsht\u00eb deklarimi si n\u00eb asnj\u00eb vend tjet\u00ebr t\u00eb bot\u00ebs se Diella \u00ebsht\u00eb ministre.<\/p>\n<p>P\u00ebr fat t\u00eb keq, p\u00ebr shumic\u00ebn e mediave t\u00eb cilat e g\u00eblltit\u00ebn k\u00ebt\u00eb bllof dhe e kan\u00eb b\u00ebr\u00eb titull sensacional, kjo mund t\u00eb duket gazmore e qesharake; por n\u00eb fakt k\u00ebtu nuk kemi thjesht nj\u00eb rast qesharak, por edhe nj\u00eb precedent serioz ligjor, nj\u00eb shkelje serioze e r\u00ebnd\u00eb e germ\u00ebs dhe frym\u00ebs s\u00eb Kushtetut\u00ebs, t\u00eb shtetit ligjor dhe institucioneve t\u00eb tij.<\/p>\n<p>Ky minist\u00ebr virtual, jo-njer\u00ebzor, jo-personal, shfaqet n\u00eb nj\u00eb dokument kushtetues t\u00eb narkoshtetit, si\u00e7 \u00ebsht\u00eb dekreti presidencial q\u00eb em\u00ebron kryeministrin, dhe kjo vet\u00ebm e vet\u00ebm q\u00eb Ramaduro vet\u00eb t\u00eb mos vjedh\u00eb m\u00eb duke keqp\u00ebrdorur Lubin\u00ebn, Mirlind\u00ebn etj., por tani t\u2019i vjedh\u00eb t\u00eb gjitha me Diella Ram\u00ebn hajduten e padukshme t\u00eb em\u00ebruar me dekret presidencial.<\/p>\n","protected":false},"excerpt":{"rendered":"<p>Nga Sali BERISHA N\u00eb nj\u00eb rast unik n\u00eb historin\u00eb e bot\u00ebs, m\u00eb sakt\u00eb, n\u00eb komedin\u00eb bot\u00ebrore, kukulla e Edi Ram\u00ebs, Presidenti Begaj, me propozimin e kryetarit t\u00eb PS, Edi Rama, me dekretin e djesh\u00ebm presidencial em\u00ebroi, p\u00ebrve\u00e7 kryeministrit, edhe Ministrin Virtual t\u00eb Inteligjenc\u00ebs Artificiale, apo Diella Ram\u00ebn, n\u00ebn p\u00ebrgjegj\u00ebsin\u00eb e Kryeministrit p\u00ebr krijimin dhe funksionimin &hellip;<\/p>\n","protected":false},"author":4,"featured_media":107195,"comment_status":"closed","ping_status":"closed","sticky":false,"template":"","format":"standard","meta":{"footnotes":""},"categories":[37],"tags":[],"class_list":["post-123161","post","type-post","status-publish","format-standard","has-post-thumbnail","","category-politike"],"_links":{"self":[{"href":"https:\/\/rdnews.al\/index.php\/wp-json\/wp\/v2\/posts\/123161","targetHints":{"allow":["GET"]}}],"collection":[{"href":"https:\/\/rdnews.al\/index.php\/wp-json\/wp\/v2\/posts"}],"about":[{"href":"https:\/\/rdnews.al\/index.php\/wp-json\/wp\/v2\/types\/post"}],"author":[{"embeddable":true,"href":"https:\/\/rdnews.al\/index.php\/wp-json\/wp\/v2\/users\/4"}],"replies":[{"embeddable":true,"href":"https:\/\/rdnews.al\/index.php\/wp-json\/wp\/v2\/comments?post=123161"}],"version-history":[{"count":1,"href":"https:\/\/rdnews.al\/index.php\/wp-json\/wp\/v2\/posts\/123161\/revisions"}],"predecessor-version":[{"id":123162,"href":"https:\/\/rdnews.al\/index.php\/wp-json\/wp\/v2\/posts\/123161\/revisions\/123162"}],"wp:featuredmedia":[{"embeddable":true,"href":"https:\/\/rdnews.al\/index.php\/wp-json\/wp\/v2\/media\/107195"}],"wp:attachment":[{"href":"https:\/\/rdnews.al\/index.php\/wp-json\/wp\/v2\/media?parent=123161"}],"wp:term":[{"taxonomy":"category","embeddable":true,"href":"https:\/\/rdnews.al\/index.php\/wp-json\/wp\/v2\/categories?post=123161"},{"taxonomy":"post_tag","embeddable":true,"href":"https:\/\/rdnews.al\/index.php\/wp-json\/wp\/v2\/tags?post=123161"}],"curies":[{"name":"wp","href":"https:\/\/api.w.org\/{rel}","templated":true}]}}