{"id":123163,"date":"2025-09-13T16:34:13","date_gmt":"2025-09-13T16:34:13","guid":{"rendered":"https:\/\/rdnews.al\/?p=123163"},"modified":"2025-09-13T16:34:43","modified_gmt":"2025-09-13T16:34:43","slug":"gjekmarkaj-ps-sot-eshte-pa-identitet-nje-pjese-e-ministrave-jane-pa-fytyre-pa-emer-dhe-pa-goje","status":"publish","type":"post","link":"https:\/\/rdnews.al\/index.php\/2025\/09\/13\/gjekmarkaj-ps-sot-eshte-pa-identitet-nje-pjese-e-ministrave-jane-pa-fytyre-pa-emer-dhe-pa-goje\/","title":{"rendered":"Gjekmarkaj: PS sot \u00ebsht\u00eb pa identitet! Nj\u00eb pjes\u00eb e ministrave jan\u00eb pa fytyr\u00eb, pa em\u00ebr dhe pa goj\u00eb!"},"content":{"rendered":"<p>Deputeti i PD, nj\u00ebher\u00ebsh n\/kryetar i Kuvendit, Agron Gjekmarkaj ka analizuar qeverin\u00eb e Edi Ram\u00ebs dhe Partin\u00eb Socialiste.<\/p>\n<p>Gjekmarkaj tha se, Partia Socialiste ka ikur nga e shkuara e saj kur kishte n\u00eb gjirin e saj figura t\u00eb r\u00ebnd\u00ebsishme nga fusha t\u00eb ndryshme t\u00eb cil\u00ebt sot nuk jan\u00eb m\u00eb pjes\u00eb e saj, \u00ebsht\u00eb shprehur ai p\u00ebr emisionin \u201cKjo Jav\u00eb\u201d n\u00eb News24.<\/p>\n<p>Sipas Gjekmarkajt, sot ata q\u00eb jan\u00eb pjes\u00eb e PS, jan\u00eb nj\u00eb brez pa identitet disa prej tyre t\u00eb lidhur me bandat m\u00eb t\u00eb zeza t\u00eb Shqip\u00ebris\u00eb \u00e7ka nuk nderohet PS e Kuvendi.<\/p>\n<p><strong>Agron Gjekmarkaj:\u00a0<\/strong>Personalisht p\u00ebr nj\u00eb koh\u00eb t\u00eb gjat\u00eb e kam humbur interesin p\u00ebr emrat e qeveris\u00eb rama pasi qeveria \u00ebsht\u00eb vet\u00ebm nj\u00eb person. Ai e shp\u00ebrndan imazhin e tij dhe e mbledh n\u00eb rrath\u00eb bashk\u00ebqendrore dhe e tkurr sipas d\u00ebshir\u00ebs.<\/p>\n<p>N\u00eb p\u00ebrgjith\u00ebsi qeverit\u00eb e tij kan\u00eb qen\u00eb dekadente, pa harruar se PS ka qen\u00eb nj\u00eb aset komb\u00ebtar Ai e shp\u00ebrndan imazhin e tij, secili prej tyre gur shahu, q\u00eb l\u00ebvizet pa autonomi e pavar\u00ebsi mendimi. N\u00eb p\u00ebrgjith\u00ebsi qeverit\u00eb e tij kan\u00eb qen\u00eb karente dhe dekadente.<\/p>\n<p>Nga 2013 e k\u00ebtej ka nj\u00eb shk\u00ebputje duke kujtuar \u00e7far\u00eb ka qen\u00eb dikur PS q\u00eb \u00ebsht\u00eb nj\u00eb aset komb\u00ebtar, ku ka patur personalitete t\u00eb bot\u00ebs s\u00eb kultur\u00ebs, ata jan\u00eb t\u00eb gjith\u00eb t\u00eb larguar nga PS, tani \u00ebsht\u00eb nj\u00eb brez pa identitet disa prej tyre t\u00eb lidhur me bandat m\u00eb t\u00eb zeza t\u00eb Shqip\u00ebris\u00eb \u00e7ka nuk nderohet PS e kuvendi, flitet se shum\u00eb prej tyre jan\u00eb p\u00ebrfaq\u00ebsues n\u00eb qeveri, nj\u00eb qeveri q\u00eb vjen nga skandali shkon n\u00eb skandal, rr\u00ebnj\u00ebt n\u00eb korrupsion dhe deg\u00ebt do harlisen prap\u00eb n\u00eb korrupsion, arrogance \u00ebsht\u00eb gjuha e komunikimit me publikun.<\/p>\n<p>Ekzibicionizmi \u00ebsht\u00eb nj\u00eb detaj tjet\u00ebr si\u00e7 \u00ebsht\u00eb rasti i Diell\u00ebs q\u00eb \u00ebsht\u00eb ministrja nga Veriu q\u00eb p\u00ebrfaq\u00ebson dhe katolik\u00ebt, q\u00eb mesa duket kryeministrit i shijon shum\u00eb p\u00ebr t\u00eb mbyllur dhe ngjarjet si shkarkimi i Veliajt. \u00cbsht\u00eb pak a shum\u00eb si \u00e7orapet e kuqe, nj\u00eb pjes\u00eb e ministrave jan\u00eb pa fytyr\u00eb pa em\u00ebr dhe pa goj\u00eb.<\/p>\n","protected":false},"excerpt":{"rendered":"<p>Deputeti i PD, nj\u00ebher\u00ebsh n\/kryetar i Kuvendit, Agron Gjekmarkaj ka analizuar qeverin\u00eb e Edi Ram\u00ebs dhe Partin\u00eb Socialiste. Gjekmarkaj tha se, Partia Socialiste ka ikur nga e shkuara e saj kur kishte n\u00eb gjirin e saj figura t\u00eb r\u00ebnd\u00ebsishme nga fusha t\u00eb ndryshme t\u00eb cil\u00ebt sot nuk jan\u00eb m\u00eb pjes\u00eb e saj, \u00ebsht\u00eb shprehur ai &hellip;<\/p>\n","protected":false},"author":4,"featured_media":95779,"comment_status":"closed","ping_status":"closed","sticky":false,"template":"","format":"standard","meta":{"footnotes":""},"categories":[37],"tags":[],"class_list":["post-123163","post","type-post","status-publish","format-standard","has-post-thumbnail","","category-politike"],"_links":{"self":[{"href":"https:\/\/rdnews.al\/index.php\/wp-json\/wp\/v2\/posts\/123163","targetHints":{"allow":["GET"]}}],"collection":[{"href":"https:\/\/rdnews.al\/index.php\/wp-json\/wp\/v2\/posts"}],"about":[{"href":"https:\/\/rdnews.al\/index.php\/wp-json\/wp\/v2\/types\/post"}],"author":[{"embeddable":true,"href":"https:\/\/rdnews.al\/index.php\/wp-json\/wp\/v2\/users\/4"}],"replies":[{"embeddable":true,"href":"https:\/\/rdnews.al\/index.php\/wp-json\/wp\/v2\/comments?post=123163"}],"version-history":[{"count":2,"href":"https:\/\/rdnews.al\/index.php\/wp-json\/wp\/v2\/posts\/123163\/revisions"}],"predecessor-version":[{"id":123165,"href":"https:\/\/rdnews.al\/index.php\/wp-json\/wp\/v2\/posts\/123163\/revisions\/123165"}],"wp:featuredmedia":[{"embeddable":true,"href":"https:\/\/rdnews.al\/index.php\/wp-json\/wp\/v2\/media\/95779"}],"wp:attachment":[{"href":"https:\/\/rdnews.al\/index.php\/wp-json\/wp\/v2\/media?parent=123163"}],"wp:term":[{"taxonomy":"category","embeddable":true,"href":"https:\/\/rdnews.al\/index.php\/wp-json\/wp\/v2\/categories?post=123163"},{"taxonomy":"post_tag","embeddable":true,"href":"https:\/\/rdnews.al\/index.php\/wp-json\/wp\/v2\/tags?post=123163"}],"curies":[{"name":"wp","href":"https:\/\/api.w.org\/{rel}","templated":true}]}}