{"id":123169,"date":"2025-09-13T19:27:07","date_gmt":"2025-09-13T19:27:07","guid":{"rendered":"https:\/\/rdnews.al\/?p=123169"},"modified":"2025-09-13T19:27:49","modified_gmt":"2025-09-13T19:27:49","slug":"sinani-dhe-riti-behen-trima-ndaj-nje-gazetari-te-piranjave","status":"publish","type":"post","link":"https:\/\/rdnews.al\/index.php\/2025\/09\/13\/sinani-dhe-riti-behen-trima-ndaj-nje-gazetari-te-piranjave\/","title":{"rendered":"Mashtruesi Sinan dhe Riti b\u00ebhen trima ndaj nj\u00eb gazetari t\u00eb &#8220;Piranjave&#8221;"},"content":{"rendered":"<p>Pasditen e s\u00eb shtun\u00ebs, n\u00eb stadiumin \u201cSelman St\u00ebrmasi\u201d, ekipi i xhirimit t\u00eb emisionit investigativ \u201cPiranjat\u201d u p\u00ebrball me nj\u00eb akt dhune dhe k\u00ebrc\u00ebnimi, teksa po kryente detyr\u00ebn e tij.<\/p>\n<p>Gazetari dhe operatori ndodheshin aty p\u00ebr t\u00eb pyetur aksionerin kryesor t\u00eb kompanis\u00eb Air Albania, Sinan Idrizi, lidhur me largimin nga puna t\u00eb dy sanitareve t\u00eb kompanis\u00eb, t\u00eb cilave \u2013 sipas denoncimeve \u2013 nuk u ishin paguar as sigurimet shoq\u00ebrore.<\/p>\n<p>N\u00eb vend q\u00eb t\u00eb jepte nj\u00eb shpjegim mbi situat\u00ebn, Idrizi reagoi n\u00eb m\u00ebnyr\u00eb t\u00eb kund\u00ebrligjshme, duke i trajtuar punonj\u00ebset pa t\u00eb drejt\u00eb dhe m\u00eb pas duke p\u00ebrdorur t\u00eb nj\u00ebjt\u00ebn arroganc\u00eb edhe ndaj gazetar\u00ebve q\u00eb k\u00ebrkonin sqarime p\u00ebr shkarkimet. Ky q\u00ebndrim e b\u00ebri t\u00eb qart\u00eb problemin real: munges\u00ebn e transparenc\u00ebs dhe p\u00ebrgjegj\u00ebsis\u00eb.<\/p>\n<p>Situata eskaloi edhe m\u00eb tep\u00ebr pasi Presidenti i klubit t\u00eb Tiran\u00ebs, Refik Halili, i mori me forc\u00eb telefonin gazetarit, duke e p\u00ebrfshir\u00eb edhe vet\u00eb n\u00eb incident. Ky veprim \u00ebsht\u00eb konsideruar si nj\u00eb precedent i rreziksh\u00ebm p\u00ebr lirin\u00eb e medias dhe sigurin\u00eb e gazetar\u00ebve n\u00eb vend.<\/p>\n<p>Ngjarja e s\u00eb shtun\u00ebs vjen n\u00eb nj\u00eb koh\u00eb kur rastet e presioneve dhe k\u00ebrc\u00ebnimeve ndaj gazetar\u00ebve n\u00eb Shqip\u00ebri jan\u00eb rritur, duke v\u00ebn\u00eb n\u00eb pik\u00ebpyetje sigurin\u00eb e tyre gjat\u00eb ushtrimit t\u00eb profesionit.<\/p>\n<p>Redaksia e \u201cPiranjave\u201d e ka denoncuar publikisht k\u00ebt\u00eb sulm dhe ka b\u00ebr\u00eb thirrje p\u00ebr reagim nga organizatat nd\u00ebrkomb\u00ebtare t\u00eb liris\u00eb s\u00eb shtypit, si dhe nga p\u00ebrfaq\u00ebsit\u00eb diplomatike n\u00eb Shqip\u00ebri.<\/p>\n<p>Detyra e gazetarit \u00ebsht\u00eb nj\u00eb detyr\u00eb publike dhe e domosdoshme p\u00ebr shoq\u00ebrin\u00eb. Por sot ajo po c\u00ebnohet hapur nga arroganca e biznesmen\u00ebve dhe dhuna e grupeve q\u00eb i mbrojn\u00eb. Pavar\u00ebsisht k\u00ebtyre situatave, \u2018Piranjat\u2019 do t\u00eb vazhdojn\u00eb misionin e tyre investigativ, duke denoncuar shkeljet dhe abuzimet.\/piranjat.al<\/p>\n","protected":false},"excerpt":{"rendered":"<p>Pasditen e s\u00eb shtun\u00ebs, n\u00eb stadiumin \u201cSelman St\u00ebrmasi\u201d, ekipi i xhirimit t\u00eb emisionit investigativ \u201cPiranjat\u201d u p\u00ebrball me nj\u00eb akt dhune dhe k\u00ebrc\u00ebnimi, teksa po kryente detyr\u00ebn e tij. Gazetari dhe operatori ndodheshin aty p\u00ebr t\u00eb pyetur aksionerin kryesor t\u00eb kompanis\u00eb Air Albania, Sinan Idrizi, lidhur me largimin nga puna t\u00eb dy sanitareve t\u00eb kompanis\u00eb, &hellip;<\/p>\n","protected":false},"author":3,"featured_media":123170,"comment_status":"closed","ping_status":"closed","sticky":false,"template":"","format":"standard","meta":{"footnotes":""},"categories":[37],"tags":[],"class_list":["post-123169","post","type-post","status-publish","format-standard","has-post-thumbnail","","category-politike"],"_links":{"self":[{"href":"https:\/\/rdnews.al\/index.php\/wp-json\/wp\/v2\/posts\/123169","targetHints":{"allow":["GET"]}}],"collection":[{"href":"https:\/\/rdnews.al\/index.php\/wp-json\/wp\/v2\/posts"}],"about":[{"href":"https:\/\/rdnews.al\/index.php\/wp-json\/wp\/v2\/types\/post"}],"author":[{"embeddable":true,"href":"https:\/\/rdnews.al\/index.php\/wp-json\/wp\/v2\/users\/3"}],"replies":[{"embeddable":true,"href":"https:\/\/rdnews.al\/index.php\/wp-json\/wp\/v2\/comments?post=123169"}],"version-history":[{"count":2,"href":"https:\/\/rdnews.al\/index.php\/wp-json\/wp\/v2\/posts\/123169\/revisions"}],"predecessor-version":[{"id":123172,"href":"https:\/\/rdnews.al\/index.php\/wp-json\/wp\/v2\/posts\/123169\/revisions\/123172"}],"wp:featuredmedia":[{"embeddable":true,"href":"https:\/\/rdnews.al\/index.php\/wp-json\/wp\/v2\/media\/123170"}],"wp:attachment":[{"href":"https:\/\/rdnews.al\/index.php\/wp-json\/wp\/v2\/media?parent=123169"}],"wp:term":[{"taxonomy":"category","embeddable":true,"href":"https:\/\/rdnews.al\/index.php\/wp-json\/wp\/v2\/categories?post=123169"},{"taxonomy":"post_tag","embeddable":true,"href":"https:\/\/rdnews.al\/index.php\/wp-json\/wp\/v2\/tags?post=123169"}],"curies":[{"name":"wp","href":"https:\/\/api.w.org\/{rel}","templated":true}]}}