{"id":123184,"date":"2025-09-13T22:41:58","date_gmt":"2025-09-13T22:41:58","guid":{"rendered":"https:\/\/rdnews.al\/?p=123184"},"modified":"2025-09-13T22:41:58","modified_gmt":"2025-09-13T22:41:58","slug":"diella-dhe-mbreti-diell","status":"publish","type":"post","link":"https:\/\/rdnews.al\/index.php\/2025\/09\/13\/diella-dhe-mbreti-diell\/","title":{"rendered":"Diella dhe mbreti Diell!"},"content":{"rendered":"<p><strong>Nga Milaim NELA<\/strong><\/p>\n<p>Dy fjal\u00eb seriozisht p\u00ebr Diella Ministren!<\/p>\n<p>Emri Diella nuk \u00ebsht\u00eb zgjedhur rast\u00ebsisht nga Lideri Suprem!<\/p>\n<p>Diella vjen nga n\u00ebnvet\u00ebdija q\u00eb kurr\u00eb nuk fle e kryeministrit.<\/p>\n<p>Diella sipas tij \u00ebsht\u00eb ZOT\u00cb q\u00eb duhet ta adhurojm\u00eb e t&#8217;i falemi. Konceptet frojdiste ndoshta i ndihmojn\u00eb studiuesit t\u00eb kuptojn\u00eb se pse ai e ka zgjedhur k\u00ebt\u00eb em\u00ebr!<\/p>\n<p>Duke qen\u00eb se ajo \u00ebsht\u00eb shpikje e tij dhe rrezaton, projekton dhe simbolizon &#8216;unin&#8217; e tij, Diella nuk mund t\u00eb kishte em\u00ebr t\u00eb ndrysh\u00ebm nga ai. T\u00eb mos ju duket as fantazi e as \u00e7menduri se ai e mendon veten e tij jo m\u00eb pak se DIELL p\u00ebr shqiptar\u00ebt.<\/p>\n<p>&#8230;<\/p>\n<p>N\u00eb terma konkret\u00eb e praktik\u00eb Diella \u00ebsht\u00eb p\u00ebrsosm\u00ebria m\u00eb e avancuar e vjeljes s\u00eb ryshfetit t\u00eb lejeve e tenderave q\u00eb dikur thuhet se ishte 20 %. Por ajo koh\u00eb \u00ebsht\u00eb thuajse antike p\u00ebr liderin suprem. Sa gj\u00ebra kan\u00eb l\u00ebvizur q\u00eb at\u00ebher\u00eb e sa e vog\u00ebl \u00ebsht\u00eb kjo shif\u00ebr!<\/p>\n<p>Diella nuk mban p\u00ebrgjegj\u00ebsi edhe n\u00ebse rrjedhin parat\u00eb rrug\u00ebs pasi formalisht e ligj\u00ebrisht ajo nuk \u00ebsht\u00eb frymor!<\/p>\n<p>Ndihm\u00ebsit e Diell\u00ebs nuk do jen\u00eb shofer\u00ebt (q\u00eb zakonisht jan\u00eb negociator\u00ebt dhe xhambaz\u00ebt e korrupsionit t\u00eb ministrave) por t\u00eb besuarit e naltgjat\u00ebsis\u00eb, ata q\u00eb t\u00eb mbarojn\u00eb pun\u00eb.<\/p>\n<p>Diella \u00ebsht\u00eb gjetje perverse p\u00ebr tu th\u00ebn\u00eb shqiptar\u00ebve t\u00eb veriut se asnj\u00eb nga ju nuk meritoni t\u00eb jeni as n\u00eb nivelin e Bora Muzhaqit prandaj asnj\u00eb nga ju nuk \u00ebsht\u00eb i denj\u00eb t\u00eb ulet n\u00eb tryez\u00ebn eliptike t\u00eb K\u00ebshillit t\u00eb Ministrave. E p\u00ebr k\u00ebt\u00eb ar\u00ebsye kam vendosur t\u00eb ju p\u00ebrfaq\u00ebsoj me hi\u00e7in se ju jeni m\u00eb pak se hi\u00e7!<\/p>\n<p>N\u00eb fakt k\u00ebt\u00eb e ka b\u00ebr\u00eb me p\u00ebrfaq\u00ebsuesit e majt\u00eb t\u00eb qarkut Kuk\u00ebs. Ai ka t\u00eb pakt\u00ebn 3 legjislatura q\u00eb ju a imponon p\u00ebrfaq\u00ebsimin n\u00eb kuvend me t\u00eb ardhur nga zona t\u00eb tjera!<\/p>\n<p>T\u00eb majt\u00ebt e Kuk\u00ebsit kan\u00eb qen\u00eb t\u00eb detyruar t\u00eb votojn\u00eb Pandeli Majkon, Mimi Kodhelin e s\u00eb fundmi Eduard Shal\u00ebsin por asnj\u00eb vendas nuk ka qen\u00eb mjaftuesh\u00ebm i denj\u00eb t\u00eb p\u00ebrfaq\u00ebsoj\u00eb t\u00eb majt\u00ebt e qarkut verilindor n\u00eb Kuvend!<\/p>\n<p>Kjo ka ndodhur vet\u00ebm me qarkun e Kuk\u00ebsit!<\/p>\n<p>Keni par\u00eb ju t\u00eb nderuar miq t\u00eb jet\u00eb n\u00eb krye t\u00eb list\u00ebs se Fierit apo Vlor\u00ebs nj\u00eb nga veriu?<\/p>\n<p>Joo sepse ata n\u00eb koshienc\u00ebn e kryeministrit nuk jan\u00eb m\u00eb shum\u00eb se shpellar\u00eb!<\/p>\n<p>Diella nuk \u00ebsht\u00eb shpull\u00eb vet\u00ebm p\u00ebr shqiptar\u00ebt e veriut por edhe ata t\u00eb Jugut. Diella \u00ebsht\u00eb shkaraveshje syve p\u00ebr vet\u00eb socialist\u00ebt sepse ajo parti nuk ka mjaftuesh\u00ebm figura t\u00eb besuara t\u00eb kryejn\u00eb detyr\u00ebn e ministrit t\u00eb prokurimeve publike e prandaj Lideri Suprem u detyrua t\u00eb ul\u00eb n\u00eb karrige nj\u00eb hi\u00e7 elektronik!<\/p>\n<p>E par\u00eb pak m\u00eb ndryshe Diella \u00ebsht\u00eb simptome serioze e paranoj\u00ebs s\u00eb kryeministrit!<\/p>\n<p>Diella \u00ebsht\u00eb manifestim i delirit t\u00eb tij t\u00eb madh\u00ebshtis\u00eb.<\/p>\n<p>Diella \u00ebsht\u00eb kryelajm i gazetave dhe gaztor\u00ebve nd\u00ebrkomb\u00ebtar\u00eb t\u00eb cil\u00ebt duhet ta p\u00ebrmendin Shqip\u00ebrin\u00eb jo vet\u00ebm p\u00ebr gomonet e La Manshit por edhe \u00e7mendurinat e kryeministrit q\u00eb teknologjin\u00eb e ka kaq t\u00eb p\u00ebrparuar sa t\u00eb krijoj\u00eb ministre t\u00eb Inteligjenc\u00ebs Artificiale por nuk \u00ebsht\u00eb n\u00eb gjendje t\u00eb ket\u00eb nj\u00eb helikopter t\u00eb shuaj\u00eb zjarret n\u00eb ver\u00eb se p\u00ebr avion\u00eb as nuk b\u00ebhet fjal\u00eb!<\/p>\n<p>Shqip\u00ebria \u00ebsht\u00eb kaq e p\u00ebrparuar sa t\u00eb ket\u00eb Diell\u00ebn ministre po ama nuk siguron dot uj\u00eb 24 or\u00eb p\u00ebr shqiptar\u00ebt!<\/p>\n<p>Shqip\u00ebria ka ministre virtuale por nuk mban dot dhe nuk pastron dhe p\u00ebrpunon dot ujerat e zeza t\u00eb qyteteve t\u00eb saj. Ajo vazhdon ti derdh\u00eb ato n\u00eb detin e plazheve q\u00eb ai i quan elitare!<\/p>\n<p>Shqip\u00ebria ka Krijes\u00ebn ministre te Kryeministrit por nuk ka nj\u00eb qen p\u00ebr t\u00eb nxjerr\u00eb njer\u00ebzit nga rr\u00ebnojat n\u00ebse larg qoft\u00eb bie ndonj\u00eb t\u00ebrmet!<\/p>\n<p>Q\u00eb ta mbyll t\u00eb nderuar miq Diella \u00ebsht\u00eb ajo q\u00eb sheh n\u00eb pasqyr\u00eb kryeministri kur sheh veten se sa i p\u00ebrngjason Ismail Qemalit sa m\u00eb shum\u00eb i shtohen thinjat!<\/p>\n<p>Literalisht Diella \u00ebsht\u00eb Dielli, \u00ebsht\u00eb vet\u00eb Ai.<\/p>\n","protected":false},"excerpt":{"rendered":"<p>Nga Milaim NELA Dy fjal\u00eb seriozisht p\u00ebr Diella Ministren! Emri Diella nuk \u00ebsht\u00eb zgjedhur rast\u00ebsisht nga Lideri Suprem! Diella vjen nga n\u00ebnvet\u00ebdija q\u00eb kurr\u00eb nuk fle e kryeministrit. Diella sipas tij \u00ebsht\u00eb ZOT\u00cb q\u00eb duhet ta adhurojm\u00eb e t&#8217;i falemi. Konceptet frojdiste ndoshta i ndihmojn\u00eb studiuesit t\u00eb kuptojn\u00eb se pse ai e ka zgjedhur k\u00ebt\u00eb &hellip;<\/p>\n","protected":false},"author":4,"featured_media":123025,"comment_status":"closed","ping_status":"closed","sticky":false,"template":"","format":"standard","meta":{"footnotes":""},"categories":[44],"tags":[],"class_list":["post-123184","post","type-post","status-publish","format-standard","has-post-thumbnail","","category-editorial"],"_links":{"self":[{"href":"https:\/\/rdnews.al\/index.php\/wp-json\/wp\/v2\/posts\/123184","targetHints":{"allow":["GET"]}}],"collection":[{"href":"https:\/\/rdnews.al\/index.php\/wp-json\/wp\/v2\/posts"}],"about":[{"href":"https:\/\/rdnews.al\/index.php\/wp-json\/wp\/v2\/types\/post"}],"author":[{"embeddable":true,"href":"https:\/\/rdnews.al\/index.php\/wp-json\/wp\/v2\/users\/4"}],"replies":[{"embeddable":true,"href":"https:\/\/rdnews.al\/index.php\/wp-json\/wp\/v2\/comments?post=123184"}],"version-history":[{"count":1,"href":"https:\/\/rdnews.al\/index.php\/wp-json\/wp\/v2\/posts\/123184\/revisions"}],"predecessor-version":[{"id":123185,"href":"https:\/\/rdnews.al\/index.php\/wp-json\/wp\/v2\/posts\/123184\/revisions\/123185"}],"wp:featuredmedia":[{"embeddable":true,"href":"https:\/\/rdnews.al\/index.php\/wp-json\/wp\/v2\/media\/123025"}],"wp:attachment":[{"href":"https:\/\/rdnews.al\/index.php\/wp-json\/wp\/v2\/media?parent=123184"}],"wp:term":[{"taxonomy":"category","embeddable":true,"href":"https:\/\/rdnews.al\/index.php\/wp-json\/wp\/v2\/categories?post=123184"},{"taxonomy":"post_tag","embeddable":true,"href":"https:\/\/rdnews.al\/index.php\/wp-json\/wp\/v2\/tags?post=123184"}],"curies":[{"name":"wp","href":"https:\/\/api.w.org\/{rel}","templated":true}]}}