{"id":123190,"date":"2025-09-14T17:32:47","date_gmt":"2025-09-14T17:32:47","guid":{"rendered":"https:\/\/rdnews.al\/?p=123190"},"modified":"2025-09-14T18:42:20","modified_gmt":"2025-09-14T18:42:20","slug":"skandali-video-si-xhacka-grabiste-pronat-e-ushtrise","status":"publish","type":"post","link":"https:\/\/rdnews.al\/index.php\/2025\/09\/14\/skandali-video-si-xhacka-grabiste-pronat-e-ushtrise\/","title":{"rendered":"Skandali\/ Del video si Xha\u00e7ka grabiste pronat e ushtris\u00eb"},"content":{"rendered":"<p>Kryetari i Partis\u00eb Demokratike ka postuar shoq\u00ebruar me nj\u00eb koment t\u00eb shkurt\u00ebr, nj\u00eb video t\u00eb bised\u00ebs s\u00eb dy funksionar\u00ebve t\u00eb Ministris\u00eb s\u00eb Mbrojtjes q\u00eb debatojn\u00eb p\u00ebr urdhrin e ministres Xha\u00e7ka e cila u k\u00ebrkonte q\u00eb t\u00eb mbyllnin brenda dit\u00ebs procedurat e kalimit t\u00eb pron\u00ebs s\u00eb ushtris\u00eb.<\/p>\n<p>N\u00eb videon e m\u00ebposhtme, d\u00ebgjohet dikush t\u00eb thot\u00eb:\u00a0\u201cNd\u00ebrkoh\u00eb Ministrja e do t\u00eb mbyllur sot. I thash\u00eb q\u00eb kam hallin e procedur\u00ebs se ne e marrim vendimin duke d\u00ebgjuar vet\u00ebm nj\u00ebr\u00ebn an\u00eb, por ai do t\u00eb thot\u00eb q\u00eb un\u00eb jam i pambrojtur\u201d.<\/p>\n<p>Ja si Ramaduro duke shkel \u00e7do ligj n\u00ebp\u00ebrmjet Xha\u00e7k\u00ebs vodhi pronat e ushtris\u00eb dhe Xha\u00e7ka shkelmon mbi Gjykat\u00ebn dhe Kushtetut\u00ebn se mbrohet nga Rama dhe mercenar Dumani!\u00a0#sb<\/p>\n<div class=\"kodiim\" data-mce-contenteditable=\"false\"><iframe loading=\"lazy\" src=\"https:\/\/www.facebook.com\/plugins\/video.php?height=312&amp;href=https%3A%2F%2Fwww.facebook.com%2FSaliBerisha%2Fvideos%2F1333608481676759%2F&amp;show_text=false&amp;width=560&amp;t=0\" width=\"560\" height=\"312\" frameborder=\"0\" scrolling=\"no\" allowfullscreen=\"allowfullscreen\" data-mce-fragment=\"1\"><\/iframe><\/div>\n","protected":false},"excerpt":{"rendered":"<p>Kryetari i Partis\u00eb Demokratike ka postuar shoq\u00ebruar me nj\u00eb koment t\u00eb shkurt\u00ebr, nj\u00eb video t\u00eb bised\u00ebs s\u00eb dy funksionar\u00ebve t\u00eb Ministris\u00eb s\u00eb Mbrojtjes q\u00eb debatojn\u00eb p\u00ebr urdhrin e ministres Xha\u00e7ka e cila u k\u00ebrkonte q\u00eb t\u00eb mbyllnin brenda dit\u00ebs procedurat e kalimit t\u00eb pron\u00ebs s\u00eb ushtris\u00eb. N\u00eb videon e m\u00ebposhtme, d\u00ebgjohet dikush t\u00eb thot\u00eb:\u00a0\u201cNd\u00ebrkoh\u00eb Ministrja &hellip;<\/p>\n","protected":false},"author":3,"featured_media":123191,"comment_status":"closed","ping_status":"closed","sticky":false,"template":"","format":"standard","meta":{"footnotes":""},"categories":[40],"tags":[],"class_list":["post-123190","post","type-post","status-publish","format-standard","has-post-thumbnail","","category-aktualitet"],"_links":{"self":[{"href":"https:\/\/rdnews.al\/index.php\/wp-json\/wp\/v2\/posts\/123190","targetHints":{"allow":["GET"]}}],"collection":[{"href":"https:\/\/rdnews.al\/index.php\/wp-json\/wp\/v2\/posts"}],"about":[{"href":"https:\/\/rdnews.al\/index.php\/wp-json\/wp\/v2\/types\/post"}],"author":[{"embeddable":true,"href":"https:\/\/rdnews.al\/index.php\/wp-json\/wp\/v2\/users\/3"}],"replies":[{"embeddable":true,"href":"https:\/\/rdnews.al\/index.php\/wp-json\/wp\/v2\/comments?post=123190"}],"version-history":[{"count":2,"href":"https:\/\/rdnews.al\/index.php\/wp-json\/wp\/v2\/posts\/123190\/revisions"}],"predecessor-version":[{"id":123193,"href":"https:\/\/rdnews.al\/index.php\/wp-json\/wp\/v2\/posts\/123190\/revisions\/123193"}],"wp:featuredmedia":[{"embeddable":true,"href":"https:\/\/rdnews.al\/index.php\/wp-json\/wp\/v2\/media\/123191"}],"wp:attachment":[{"href":"https:\/\/rdnews.al\/index.php\/wp-json\/wp\/v2\/media?parent=123190"}],"wp:term":[{"taxonomy":"category","embeddable":true,"href":"https:\/\/rdnews.al\/index.php\/wp-json\/wp\/v2\/categories?post=123190"},{"taxonomy":"post_tag","embeddable":true,"href":"https:\/\/rdnews.al\/index.php\/wp-json\/wp\/v2\/tags?post=123190"}],"curies":[{"name":"wp","href":"https:\/\/api.w.org\/{rel}","templated":true}]}}