{"id":123197,"date":"2025-09-14T18:19:18","date_gmt":"2025-09-14T18:19:18","guid":{"rendered":"https:\/\/rdnews.al\/?p=123197"},"modified":"2025-09-14T18:19:18","modified_gmt":"2025-09-14T18:19:18","slug":"reagon-sinan-mashtruesi-akuzon-gazetaret-se-ishin-te-armatosur-dhe-i-rrezikuan-jeten","status":"publish","type":"post","link":"https:\/\/rdnews.al\/index.php\/2025\/09\/14\/reagon-sinan-mashtruesi-akuzon-gazetaret-se-ishin-te-armatosur-dhe-i-rrezikuan-jeten\/","title":{"rendered":"Reagon Sinan mashtruesi\/ Akuzon gazetar\u00ebt se ishin t\u00eb armatosur dhe i rrezikuan jet\u00ebn"},"content":{"rendered":"<p>Sinan Idrizi, president i klubit Flamurtari dhe aksioneri i Air Albania, ka reaguar p\u00ebr dhun\u00ebn qe u ushtoi dit\u00ebn e djeshme ekipit t\u00eb Piranjave. Por n\u00eb vend q\u00eb t\u00eb reflektonte mbi ngjarjen, Idrizi me an\u00eb t\u00eb nj\u00eb deklarate nga ana e klubit q\u00eb zot\u00ebron, tentoi ta kthente \u00e7\u00ebshtjen sportive, nd\u00ebrkoh\u00eb qe gazetari Edon Kuqi shkoi ta pyeste p\u00ebr mospages\u00ebn e sanitareve t\u00eb Air Albania.<\/p>\n<p>N\u00eb deklarat\u00eb, Idrizi shton m\u00eb tej, duke theksuar se gazetar\u00ebt ishin agjent\u00eb t\u00eb kamufluar si gazetar\u00eb. Dhe n\u00eb fund shton se ishin te pajisur me arm\u00eb t\u00eb sofistikuara.<\/p>\n<div class=\"teads-inread teads-display-format\">\n<div class=\"teads-ui-components-label\"><strong>Deklarata e Plot\u00eb:<\/strong><\/div>\n<\/div>\n<p>Flamurtari Football Club d\u00ebnon me forc\u00eb ngjarjen e paprecedent\u00eb t\u00eb ndodhur dje gjat\u00eb ndeshjes Tirana \u2013 Flamurtari. Gjat\u00eb zhvillimit t\u00eb aktivitetit, nj\u00eb grup i paidentifikuar personash nd\u00ebrhyri n\u00eb m\u00ebnyr\u00eb t\u00eb paligjshme, duke penguar administratorin e klubit ton\u00eb t\u00eb kryente funksionet e tij.<\/p>\n<p>Ky akt \u00ebsht\u00eb i papranuesh\u00ebm dhe p\u00ebrb\u00ebn nj\u00eb p\u00ebrpjekje t\u00eb qart\u00eb p\u00ebr t\u00eb denigruar dhe penguar aktivitetin sportiv t\u00eb Flamurtarit. Dyshimet tona jan\u00eb serioze se an\u00ebtar\u00eb t\u00eb k\u00ebtij grupi, t\u00eb kamufluar si gazetar\u00eb, kan\u00eb qen\u00eb t\u00eb pajisur edhe me arm\u00eb t\u00eb sofistikuara, \u00e7ka e b\u00ebn edhe m\u00eb t\u00eb r\u00ebnd\u00eb ngjarjen dhe rrezikun e krijuar p\u00ebr sigurin\u00eb e pjes\u00ebmarr\u00ebsve.<\/p>\n<p>Fal\u00ebnderojm\u00eb drejtuesit e Klubit Tirana p\u00ebr nd\u00ebrhyrjen e shpejt\u00eb dhe kontributin n\u00eb normalizimin e situat\u00ebs.<br \/>\nFlamurtari F.C. do t\u00eb ndjek\u00eb deri n\u00eb fund \u00e7do hap ligjor dhe do t\u00eb k\u00ebrkoj\u00eb zbardhjen e plot\u00eb t\u00eb k\u00ebtij incidenti, n\u00eb m\u00ebnyr\u00eb q\u00eb sporti shqiptar t\u00eb mos b\u00ebhet peng i akteve t\u00eb dhunshme dhe tentativave p\u00ebr intimidim.<\/p>\n<div class=\"d-flex justify-content-center\">\n<div id=\"div-gpt-ad-1631887918239-0\" data-google-query-id=\"CPSrlobu2I8DFfGZJwIdp-U85w\"><\/div>\n<\/div>\n","protected":false},"excerpt":{"rendered":"<p>Sinan Idrizi, president i klubit Flamurtari dhe aksioneri i Air Albania, ka reaguar p\u00ebr dhun\u00ebn qe u ushtoi dit\u00ebn e djeshme ekipit t\u00eb Piranjave. Por n\u00eb vend q\u00eb t\u00eb reflektonte mbi ngjarjen, Idrizi me an\u00eb t\u00eb nj\u00eb deklarate nga ana e klubit q\u00eb zot\u00ebron, tentoi ta kthente \u00e7\u00ebshtjen sportive, nd\u00ebrkoh\u00eb qe gazetari Edon Kuqi shkoi &hellip;<\/p>\n","protected":false},"author":3,"featured_media":123198,"comment_status":"closed","ping_status":"closed","sticky":false,"template":"","format":"standard","meta":{"footnotes":""},"categories":[37],"tags":[],"class_list":["post-123197","post","type-post","status-publish","format-standard","has-post-thumbnail","","category-politike"],"_links":{"self":[{"href":"https:\/\/rdnews.al\/index.php\/wp-json\/wp\/v2\/posts\/123197","targetHints":{"allow":["GET"]}}],"collection":[{"href":"https:\/\/rdnews.al\/index.php\/wp-json\/wp\/v2\/posts"}],"about":[{"href":"https:\/\/rdnews.al\/index.php\/wp-json\/wp\/v2\/types\/post"}],"author":[{"embeddable":true,"href":"https:\/\/rdnews.al\/index.php\/wp-json\/wp\/v2\/users\/3"}],"replies":[{"embeddable":true,"href":"https:\/\/rdnews.al\/index.php\/wp-json\/wp\/v2\/comments?post=123197"}],"version-history":[{"count":1,"href":"https:\/\/rdnews.al\/index.php\/wp-json\/wp\/v2\/posts\/123197\/revisions"}],"predecessor-version":[{"id":123199,"href":"https:\/\/rdnews.al\/index.php\/wp-json\/wp\/v2\/posts\/123197\/revisions\/123199"}],"wp:featuredmedia":[{"embeddable":true,"href":"https:\/\/rdnews.al\/index.php\/wp-json\/wp\/v2\/media\/123198"}],"wp:attachment":[{"href":"https:\/\/rdnews.al\/index.php\/wp-json\/wp\/v2\/media?parent=123197"}],"wp:term":[{"taxonomy":"category","embeddable":true,"href":"https:\/\/rdnews.al\/index.php\/wp-json\/wp\/v2\/categories?post=123197"},{"taxonomy":"post_tag","embeddable":true,"href":"https:\/\/rdnews.al\/index.php\/wp-json\/wp\/v2\/tags?post=123197"}],"curies":[{"name":"wp","href":"https:\/\/api.w.org\/{rel}","templated":true}]}}