{"id":123200,"date":"2025-09-14T18:27:40","date_gmt":"2025-09-14T18:27:40","guid":{"rendered":"https:\/\/rdnews.al\/?p=123200"},"modified":"2025-09-14T18:27:40","modified_gmt":"2025-09-14T18:27:40","slug":"protesta-ne-ankara-erdogan-arreston-lideret-e-opozites-ne-prag-te-zgjedhjeve","status":"publish","type":"post","link":"https:\/\/rdnews.al\/index.php\/2025\/09\/14\/protesta-ne-ankara-erdogan-arreston-lideret-e-opozites-ne-prag-te-zgjedhjeve\/","title":{"rendered":"Protesta n\u00eb Ankara\/ Erdogan arreston lider\u00ebt e opozit\u00ebs n\u00eb prag t\u00eb zgjedhjeve"},"content":{"rendered":"<p>Dhjet\u00ebra mij\u00ebra njer\u00ebz kan\u00eb protestuar n\u00eb kryeqytetin turk, Ankara, kund\u00ebr nj\u00eb \u00e7\u00ebshtjeje gjyq\u00ebsore q\u00eb mund t\u00eb rr\u00ebzoj\u00eb kreun e opozit\u00ebs kryesore t\u00eb h\u00ebn\u00ebn, pas nj\u00eb goditjeje ligjore nj\u00ebvje\u00e7are ndaj qindra an\u00ebtar\u00ebve t\u00eb saj.<\/p>\n<p>Pamjet drejtp\u00ebrdrejt treguan turma q\u00eb brohorisnin p\u00ebr dor\u00ebheqjen e presidentit Recep Tayyip Erdo\u011fan, duke val\u00ebvitur flamuj turq dhe banderola partie.<\/p>\n<div class=\"teads-inread teads-display-format\">\n<div>\n<div id=\"teads0\" class=\"teads-player\">Vendimi i gjykat\u00ebs t\u00eb h\u00ebn\u00ebn n\u00ebse do t\u00eb shpall\u00eb t\u00eb pavlefsh\u00ebm kongresin e vitit 2023 t\u00eb Partis\u00eb Popullore Republikane (CHP), s\u00eb kryebashkiakut t\u00eb burgosur t\u00eb Stambollit Ekrem \u0130mamo\u011flu, p\u00ebr shkak t\u00eb parregullsive t\u00eb dyshuara procedurale mund t\u00eb riform\u00ebsoj\u00eb partin\u00eb, t\u00eb trondit\u00eb tregjet financiare dhe t\u00eb ndikoj\u00eb n\u00eb koh\u00ebn e mbajtjes s\u00eb zgjedhjeve t\u00eb p\u00ebrgjithshme t\u00eb planifikuara p\u00ebr vitin 2028. Gjykata gjithashtu mund t\u00eb shtyj\u00eb vendimin.<\/div>\n<\/div>\n<\/div>\n<p>Duke folur n\u00eb tubimin e s\u00eb diel\u00ebs, kreu i CHP-s\u00eb, \u00d6zg\u00fcr \u00d6zel, tha se qeveria po p\u00ebrpiqet t\u00eb mbahet n\u00eb pushtet duke minuar normat demokratike dhe duke shtypur kund\u00ebrshtimin pas fitoreve t\u00eb opozit\u00ebs n\u00eb zgjedhjet vendore gjat\u00eb vitit t\u00eb kaluar.<\/p>\n<p>\u00d6zel gjithashtu b\u00ebri thirrje p\u00ebr zgjedhje t\u00eb parakohshme t\u00eb p\u00ebrgjithshme. \u201cKjo \u00e7\u00ebshtje \u00ebsht\u00eb politike. Akuzat jan\u00eb shpifje. Shok\u00ebt tan\u00eb jan\u00eb t\u00eb pafajsh\u00ebm. Ajo q\u00eb po b\u00ebhet \u00ebsht\u00eb nj\u00eb grusht shteti, nj\u00eb grusht shteti kund\u00ebr presidentit t\u00eb ardhsh\u00ebm, kund\u00ebr qeveris\u00eb s\u00eb ardhshme. Ne do t\u00eb rezistojm\u00eb, do t\u00eb rezistojm\u00eb, do t\u00eb rezistojm\u00eb,\u201d tha \u00d6zel n\u00eb fjalimin e tij drejtuar turm\u00ebs.<\/p>\n<p>Qeveria thot\u00eb se gjyq\u00ebsori \u00ebsht\u00eb i pavarur dhe mohon \u00e7do motiv politik.<\/p>\n<p>Turqia ka ndaluar m\u00eb shum\u00eb se 500 persona, p\u00ebrfshir\u00eb 17 kryebashkiak\u00eb, gjat\u00eb vitit t\u00eb kaluar n\u00eb Stamboll dhe bashki t\u00eb tjera t\u00eb drejtuara nga CHP n\u00eb mbar\u00eb vendin si pjes\u00eb e hetimeve p\u00ebr korrupsion, sipas nj\u00eb rishikimi t\u00eb Reuters.<\/p>\n<p>Qindra an\u00ebtar\u00eb t\u00eb CHP-s\u00eb jan\u00eb burgosur n\u00eb pritje t\u00eb gjyqit n\u00eb nj\u00eb hetim t\u00eb gjer\u00eb p\u00ebr korrupsion t\u00eb dyshuar dhe lidhje me terrorizmin, mes tyre rivali kryesor politik i Erdo\u011fan-it, kryebashkiaku i Stambollit, Ekrem \u0130mamo\u011flu.<\/p>\n<p>Arrestimi i \u0130mamo\u011flu-t n\u00eb mars nxiti protestat m\u00eb t\u00eb m\u00ebdha n\u00eb vend n\u00eb nj\u00eb dekad\u00eb, ku qindra mij\u00ebra dol\u00ebn n\u00eb rrug\u00eb, duke shkaktuar nj\u00eb r\u00ebnie t\u00eb mpreht\u00eb por t\u00eb shkurt\u00ebr t\u00eb lir\u00ebs dhe aseteve t\u00eb tjera turke.<\/p>\n<p>N\u00eb nj\u00eb let\u00ebr t\u00eb d\u00ebrguar nga burgu dhe t\u00eb lexuar me z\u00eb t\u00eb lart\u00eb n\u00eb tubimin n\u00eb Ankara, \u0130mamo\u011flu shkroi se qeveria po p\u00ebrpiqet t\u00eb p\u00ebrcaktoj\u00eb paraprakisht rezultatin e zgjedhjeve t\u00eb ardhshme duke l\u00ebn\u00eb m\u00ebnjan\u00eb rival\u00ebt legjitim\u00eb. Ai gjithashtu akuzoi qeverin\u00eb p\u00ebr minimin e demokracis\u00eb p\u00ebrmes veprimeve gjyq\u00ebsore me motive politike dhe p\u00ebrpjekjeve t\u00eb tjera p\u00ebr t\u00eb shtypur kund\u00ebrshtimin.<\/p>\n<p>\u201cEpoka e \u2018Un\u00eb\u2019 n\u00eb k\u00ebt\u00eb vend do t\u00eb marr\u00eb fund, dhe epoka e \u2018Ne\u2019 do t\u00eb filloj\u00eb. Nj\u00eb person do t\u00eb humbas\u00eb dhe t\u00eb gjith\u00eb t\u00eb tjer\u00ebt do t\u00eb fitojn\u00eb,\u201d shkroi \u0130mamo\u011flu. Turma duartrokiti dhe brohoriti \u201cPresident \u0130mamo\u011flu\u201d pasi letra u lexua me z\u00eb t\u00eb lart\u00eb.<\/p>\n","protected":false},"excerpt":{"rendered":"<p>Dhjet\u00ebra mij\u00ebra njer\u00ebz kan\u00eb protestuar n\u00eb kryeqytetin turk, Ankara, kund\u00ebr nj\u00eb \u00e7\u00ebshtjeje gjyq\u00ebsore q\u00eb mund t\u00eb rr\u00ebzoj\u00eb kreun e opozit\u00ebs kryesore t\u00eb h\u00ebn\u00ebn, pas nj\u00eb goditjeje ligjore nj\u00ebvje\u00e7are ndaj qindra an\u00ebtar\u00ebve t\u00eb saj. Pamjet drejtp\u00ebrdrejt treguan turma q\u00eb brohorisnin p\u00ebr dor\u00ebheqjen e presidentit Recep Tayyip Erdo\u011fan, duke val\u00ebvitur flamuj turq dhe banderola partie. Vendimi i &hellip;<\/p>\n","protected":false},"author":3,"featured_media":123201,"comment_status":"closed","ping_status":"closed","sticky":false,"template":"","format":"standard","meta":{"footnotes":""},"categories":[38],"tags":[],"class_list":["post-123200","post","type-post","status-publish","format-standard","has-post-thumbnail","","category-bota"],"_links":{"self":[{"href":"https:\/\/rdnews.al\/index.php\/wp-json\/wp\/v2\/posts\/123200","targetHints":{"allow":["GET"]}}],"collection":[{"href":"https:\/\/rdnews.al\/index.php\/wp-json\/wp\/v2\/posts"}],"about":[{"href":"https:\/\/rdnews.al\/index.php\/wp-json\/wp\/v2\/types\/post"}],"author":[{"embeddable":true,"href":"https:\/\/rdnews.al\/index.php\/wp-json\/wp\/v2\/users\/3"}],"replies":[{"embeddable":true,"href":"https:\/\/rdnews.al\/index.php\/wp-json\/wp\/v2\/comments?post=123200"}],"version-history":[{"count":1,"href":"https:\/\/rdnews.al\/index.php\/wp-json\/wp\/v2\/posts\/123200\/revisions"}],"predecessor-version":[{"id":123202,"href":"https:\/\/rdnews.al\/index.php\/wp-json\/wp\/v2\/posts\/123200\/revisions\/123202"}],"wp:featuredmedia":[{"embeddable":true,"href":"https:\/\/rdnews.al\/index.php\/wp-json\/wp\/v2\/media\/123201"}],"wp:attachment":[{"href":"https:\/\/rdnews.al\/index.php\/wp-json\/wp\/v2\/media?parent=123200"}],"wp:term":[{"taxonomy":"category","embeddable":true,"href":"https:\/\/rdnews.al\/index.php\/wp-json\/wp\/v2\/categories?post=123200"},{"taxonomy":"post_tag","embeddable":true,"href":"https:\/\/rdnews.al\/index.php\/wp-json\/wp\/v2\/tags?post=123200"}],"curies":[{"name":"wp","href":"https:\/\/api.w.org\/{rel}","templated":true}]}}