{"id":123216,"date":"2025-09-15T08:24:24","date_gmt":"2025-09-15T08:24:24","guid":{"rendered":"https:\/\/rdnews.al\/?p=123216"},"modified":"2025-09-15T08:24:24","modified_gmt":"2025-09-15T08:24:24","slug":"resorti-ne-pashaliman-ne-konflikt-interesi-biznesmeni-strategjik-italian-me-lidhje-ne-tirane","status":"publish","type":"post","link":"https:\/\/rdnews.al\/index.php\/2025\/09\/15\/resorti-ne-pashaliman-ne-konflikt-interesi-biznesmeni-strategjik-italian-me-lidhje-ne-tirane\/","title":{"rendered":"Resorti n\u00eb Pashaliman n\u00eb konflikt interesi\/ Biznesmeni \u201cstrategjik\u201d italian me lidhje n\u00eb Tiran\u00eb"},"content":{"rendered":"<p><em><strong>Qeveria i jep statusin e investitorit strategjik nj\u00eb biznesmeni italian me lidhje n\u00eb Tiran\u00eb p\u00ebr t\u00eb nd\u00ebrtuar nj\u00eb resort turistik n\u00eb nj\u00eb zon\u00eb me mbrojtje ligjore t\u00eb trefisht\u00eb n\u00eb Gjirin e Vlor\u00ebs, duke rrezikuar trash\u00ebgimin\u00eb kulturore, at\u00eb natyrore dhe baz\u00ebn e Forc\u00ebs Detare n\u00eb Pashaliman.<\/strong><\/em><\/p>\n<p>Parku arkeologjik i Orikumit n\u00eb Gjirin e Vlor\u00ebs ofron nj\u00eb peizazh unik nga kodra e gjelb\u00ebruar, i rrethuar nga deti Jon, laguna e Pashalimanit dhe gadishulli i Karaburunit.<\/p>\n<p>I ngritur n\u00eb shekullin e VI para Lindjes s\u00eb Krishtit, qyteti antik ka l\u00ebn\u00eb gjurm\u00eb n\u00eb histori gjat\u00eb luft\u00ebs civile romake n\u00eb mesin e shekullit I p.e.s, si nj\u00eb destinacion q\u00eb sh\u00ebrbeu p\u00ebr ngjitjen e gjeneralit Jul Cesar drejt pushtetit absolut n\u00eb Rom\u00eb.<\/p>\n<p>P\u00ebr shkak t\u00eb pozicionit gjeografik, gjiri buz\u00eb Karaburunit mendohet se \u00ebsht\u00eb p\u00ebrdorur si baz\u00eb detare q\u00eb nga antikiteti e deri n\u00eb dit\u00ebt e sotme.<\/p>\n<p>Por tani, qeveria shqiptare synon q\u00eb t\u00eb nd\u00ebrtoj\u00eb aty nj\u00eb kompleks masiv turistik, i cili do t\u00eb futet si \u2018elefanti n\u00eb dyqanin e qelqurinave\u2019 n\u00eb mesin e nj\u00eb zone me mbrojtje t\u00eb trefisht\u00eb p\u00ebr shkak t\u00eb vlerave t\u00eb trash\u00ebgimis\u00eb kulturore, habitatit natyror dhe baz\u00ebs ushtarake detare aktive t\u00eb Pashalimanit.<\/p>\n<p>S\u00eb fundmi, Komiteti i Investimeve Strategjike i drejtuar nga kryeministri Edi Rama i ka dh\u00ebn\u00eb statusin e \u201cinvestitorit strategjik\u201d nj\u00eb sip\u00ebrmarr\u00ebsi italian p\u00ebr t\u00eb zhvilluar projektin e nj\u00eb resorti turistik mbi 25 hektar\u00eb tok\u00eb publike n\u00eb kufi me baz\u00ebn ushtarake t\u00eb Pashalimanit \u2013 nj\u00eb pik\u00eb ky\u00e7e p\u00ebr Forc\u00ebn Detare shqiptare.<\/p>\n<p>Sipas vendimit, gjurma e projektit i mbivendoset qytetit antik t\u00eb Orikut, monument kulture i kategoris\u00eb s\u00eb par\u00eb dhe lagun\u00ebs n\u00eb juglindje t\u00eb tij, nd\u00ebrsa stacionet e plazhit p\u00ebr klient\u00ebt e resortit jan\u00eb parashikuar t\u00eb nd\u00ebrtohen disa kilometra m\u00eb tej n\u00eb skajin per\u00ebndimor t\u00eb gadishullit t\u00eb Karaburunit \u2013 n\u00eb Kepin e Sh\u00ebngjergjit \u2013 gjithashtu zon\u00eb e mbrojtur si Rezervat Natyror i Menaxhuar i kategoris\u00eb IV.<\/p>\n<p>\u201cKy projekt shkel me k\u00ebmb\u00eb t\u00eb gjitha ligjet e trash\u00ebgimis\u00eb natyrore dhe trash\u00ebgimis\u00eb kulturore. I shkel me k\u00ebmb\u00eb t\u00eb gjitha,\u201d tha p\u00ebr BIRN Taulant Bino, aktivist mjedisor dhe drejtues i Shoqat\u00ebs s\u00eb Ornitolog\u00ebve Shqiptar\u00eb, AOS. \u201cI bie q\u00eb investimi strategjik \u00ebsht\u00eb mbi \u00e7do ligj tjet\u00ebr n\u00eb Shqip\u00ebri,\u201d shtoi ai i irrituar.<\/p>\n<p>Projekti \u201cPashaliman Laguna Eko Resort\u201d po zhvillohet nga kompania \u201cMeta Resorts Albania\u201d n\u00eb pron\u00ebsin\u00eb e Dante Mazzitelli, nj\u00eb nd\u00ebrtues dhe pronar i nj\u00eb televizioni lokal n\u00eb Bari me nj\u00eb histori t\u00eb trazuar p\u00ebrballjeje me prokurorin\u00eb italiane gjat\u00eb viteve t\u00eb fundit. Ai \u00ebsht\u00eb hetuar p\u00ebr dyshime q\u00eb lidhen me korrupsionin apo me procedura mashtruese falimenti, por n\u00eb t\u00eb dyja rastet, gjykata i ka hedhur posht\u00eb akuzat.<\/p>\n<p>T\u00eb dh\u00ebnat e siguruara nga BIRN tregojn\u00eb se p\u00ebr ngritjen e biznesit t\u00eb tij n\u00eb Shqip\u00ebri, Mazzitelli \u00ebsht\u00eb asistuar nga Laura Plaku (Saro) \u2013 drejtuese prej shtatorit t\u00eb vitit 2023 e Agjencis\u00eb Shqiptare t\u00eb Zhvillimit t\u00eb Investimeve, AIDA.<\/p>\n<p>N\u00eb cil\u00ebsin\u00eb e drejtoresh\u00ebs s\u00eb AIDA, Plaku drejton edhe Sekretariatit Teknik t\u00eb Komitetit t\u00eb Investimeve Strategjike. E pyetur nga BIRN, Plaku pretendoi se nuk kishte pasur marr\u00ebdh\u00ebnie financiare me kompanin\u00eb e Mazzitellit dhe se nuk gjendej n\u00eb konflikt interesi p\u00ebr pozicionin q\u00eb mbante aktualisht.<\/p>\n<p>Kryeministria nuk iu p\u00ebrgjgj pyetjeve t\u00eb BIRN deri n\u00eb publikimin e k\u00ebtij shkrimi. Mazzitelli ishte i paaritsh\u00ebm, nd\u00ebrsa pyetjet e d\u00ebrguara p\u00ebrmes studios p\u00ebrfaq\u00ebsuese n\u00eb Tiran\u00eb nuk mor\u00ebn p\u00ebrgjigje deri n\u00eb publikimin e shkrimit.<\/p>\n<p><strong>C\u00ebnimi i baz\u00ebs s\u00eb Pashalimanit\u00a0<\/strong><\/p>\n<figure id=\"attachment_1598927\" class=\"wp-caption alignnone\" aria-describedby=\"caption-attachment-1598927\"><img loading=\"lazy\" decoding=\"async\" class=\"size-medium wp-image-1598927\" src=\"https:\/\/boldnews.al\/wp-content\/uploads\/2025\/09\/Godinat-e-ushtrise-640x361.jpg\" sizes=\"auto, (max-width: 640px) 100vw, 640px\" srcset=\"https:\/\/boldnews.al\/wp-content\/uploads\/2025\/09\/Godinat-e-ushtrise-640x361.jpg 640w, https:\/\/boldnews.al\/wp-content\/uploads\/2025\/09\/Godinat-e-ushtrise-1024x578.jpg 1024w, https:\/\/boldnews.al\/wp-content\/uploads\/2025\/09\/Godinat-e-ushtrise-750x423.jpg 750w, https:\/\/boldnews.al\/wp-content\/uploads\/2025\/09\/Godinat-e-ushtrise-1140x643.jpg 1140w, https:\/\/boldnews.al\/wp-content\/uploads\/2025\/09\/Godinat-e-ushtrise.jpg 1200w\" alt=\"\" width=\"640\" height=\"361\" data-pin-no-hover=\"true\" \/><figcaption id=\"caption-attachment-1598927\" class=\"wp-caption-text\"><em>Godina e Ushtris\u00eb n\u00eb kufi me parkun arkeologjik q\u00eb pritet t\u00eb restaurohen<\/em><\/figcaption><\/figure>\n<p>Baza e Pashalimanit u nd\u00ebrtua n\u00eb vitet \u201950 n\u00eb Shqip\u00ebrin\u00eb komuniste, kur Bashkimi Sovjetik solli 12 n\u00ebndet\u00ebse dhe e ktheu at\u00eb n\u00eb baz\u00ebn e vetme detare q\u00eb kontrollonte n\u00eb Mesdhe. Pas prishjes s\u00eb marr\u00ebdh\u00ebnieve mes Tiran\u00ebs dhe Mosk\u00ebs n\u00eb vitin 1961, Pashalimani mbeti si nj\u00eb baz\u00eb detare ushtarake q\u00eb strehonte kat\u00ebr n\u00ebndet\u00ebset e mbetura dhe anije t\u00eb tjera t\u00eb vogla.<\/p>\n<p>Baza u pla\u00e7kit gjat\u00eb trazirave t\u00eb vitit 1997 dhe tre nga n\u00ebndet\u00ebset u shit\u00ebn p\u00ebr skrap. Por territori i saj mbeti i paprekur dhe pjes\u00eb e Planit t\u00eb Vendosjes dhe P\u00ebrhapjes s\u00eb Forcave t\u00eb Armatosura p\u00ebr m\u00eb shum\u00eb se dy dekada \u2013 \u00a0nj\u00eb status q\u00eb i mbron pronat e inventarit t\u00eb Ministris\u00eb s\u00eb Brendshme nga tjet\u00ebrsimi.<\/p>\n<p>Megjithat\u00eb, kjo nuk zgjati p\u00ebrgjithmon\u00eb.<\/p>\n<p>Vet\u00ebm shtat\u00eb muaj m\u00eb par\u00eb, nj\u00eb pjes\u00eb e zon\u00ebs prej 25 hektar\u00ebsh ku parashikohet t\u00eb shtrihet projekti \u201cPashaliman Laguna Eko Resort\u201d u la jasht\u00eb Planit t\u00eb Vendosjes dhe P\u00ebrhapjes s\u00eb forcave t\u00eb ushtris\u00eb, p\u00ebrmes nj\u00eb dekreti t\u00eb presidentit Bajram Begaj q\u00eb mbahet \u201csekret\u201d.<\/p>\n<p>Sipas vendimit t\u00eb Komitetit t\u00eb Investimeve Strategjike, gjurma e projektit prek pron\u00ebn me nr.1314 t\u00eb Ministris\u00eb s\u00eb Mbrojtjes, t\u00eb njohur si ish-Flotilja Detare Jugore n\u00eb Pashaliman, i nxjerr\u00eb nga Plani i Vendosjes dhe i P\u00ebrhapjes me dekretin nr. 24 t\u00eb dat\u00ebs 3 shkurt 2025.<\/p>\n<p>Projekti turistik prek edhe objekte t\u00eb tjera ushtarake, t\u00eb r\u00ebnd\u00ebsishme p\u00ebr funksionimin e baz\u00ebs detare t\u00eb Pashalimanit.<\/p>\n<p>\u201cBrenda zon\u00ebs s\u00eb synuar p\u00ebr investim ndodhet objekti nr. 25, q\u00eb p\u00ebrdoret nga Komanda e Forc\u00ebs Tok\u00ebsore, N\/Stacioni dhe Kabina Elektrike, nga e cila furnizohet me energji elektrike Baza Detare e Pashalimanit si dhe \u00ebsht\u00eb n\u00eb p\u00ebrdorim t\u00eb p\u00ebrbashk\u00ebt rrug\u00ebkalimi kryesor p\u00ebr n\u00eb Kantierin e Nd\u00ebrtimit dhe Riparimit t\u00eb Anijeve (KNRA), Distriktin Detar Jugor (DDJ) dhe tek subjektet private q\u00eb kryejn\u00eb aktivitete t\u00eb ndryshme n\u00eb gadishullin e Karaburunit,\u201d thuhet n\u00eb vendimin e KIS.<\/p>\n<p>Duke e vler\u00ebsuar Pashalimanin si baz\u00ebn kryesore t\u00eb Forc\u00ebs Detare dhe nj\u00eb hap\u00ebsir\u00eb strategjike p\u00ebr mbrojtjen e Shqip\u00ebris\u00eb, ish-kreu i Forc\u00ebs Detare, Artur Me\u00e7ollari i tha BIRN se ky vendim c\u00ebnon sigurin\u00eb komb\u00ebtare dhe marr\u00ebdh\u00ebniet me NATO-n.<\/p>\n<p>Me\u00e7ollari kujton se prej vitit 2019, Ministria e Mbrojtjes i ka ofruar Komand\u00ebs Supreme t\u00eb NATO baz\u00ebn detare t\u00eb Pashalimanit dhe Gjirin e Vlor\u00ebs si baz\u00eb detare t\u00eb NATO, ofert\u00eb e cila \u00ebsht\u00eb p\u00ebrs\u00ebritur m\u00eb pas publikisht nga kryeministri Edi Rama n\u00eb vitin 2022.<\/p>\n<p>\u201cPor n\u00eb shkurt 2025, Bajram Begaj nxorri nga Plani i Veprimit dhe P\u00ebrhapjes s\u00eb baz\u00ebs detare t\u00eb Pashalimanit 80 ha, duke e l\u00ebn\u00eb baz\u00ebn vet\u00ebm me 14 ha. N\u00eb at\u00eb periudh\u00eb ndoshta shpresonin se NATO do t\u2019i hidhte syt\u00eb nga Porto Romano,\u201d tha Me\u00e7ollari.<\/p>\n<p>\u201cPyetja shtrohet: po tani q\u00eb baza e Pashalimanit u katandis n\u00eb 14 ha, \u00e7far\u00eb do t\u00eb b\u00ebj\u00eb NATO,\u201d shtoi ai, duke theksuar se \u201ckorrupsioni po c\u00ebnon operacionalitetin e Forc\u00ebs Detare, por edhe marr\u00ebdh\u00ebniet me NATO-n\u201d.<\/p>\n<p><strong>Lidhjet n\u00eb Tiran\u00eb<\/strong><\/p>\n<figure id=\"attachment_1598928\" class=\"wp-caption alignnone\" aria-describedby=\"caption-attachment-1598928\"><img loading=\"lazy\" decoding=\"async\" class=\"size-medium wp-image-1598928\" src=\"https:\/\/boldnews.al\/wp-content\/uploads\/2025\/09\/Germime-arkeologjike-ne-Orikum-640x480.jpg\" sizes=\"auto, (max-width: 640px) 100vw, 640px\" srcset=\"https:\/\/boldnews.al\/wp-content\/uploads\/2025\/09\/Germime-arkeologjike-ne-Orikum-640x480.jpg 640w, https:\/\/boldnews.al\/wp-content\/uploads\/2025\/09\/Germime-arkeologjike-ne-Orikum-1024x768.jpg 1024w, https:\/\/boldnews.al\/wp-content\/uploads\/2025\/09\/Germime-arkeologjike-ne-Orikum-750x563.jpg 750w, https:\/\/boldnews.al\/wp-content\/uploads\/2025\/09\/Germime-arkeologjike-ne-Orikum-1140x855.jpg 1140w, https:\/\/boldnews.al\/wp-content\/uploads\/2025\/09\/Germime-arkeologjike-ne-Orikum.jpg 1280w\" alt=\"\" width=\"640\" height=\"480\" data-pin-no-hover=\"true\" \/><figcaption id=\"caption-attachment-1598928\" class=\"wp-caption-text\"><em>G\u00ebrmime arkeologjike n\u00eb Orikum<\/em><\/figcaption><\/figure>\n<p><strong>Dante Mazzitelli<\/strong>, 70 vje\u00e7, \u00ebsht\u00eb nd\u00ebr t\u00eb pakt\u00ebt sip\u00ebrmarr\u00ebs t\u00eb huaj q\u00eb kan\u00eb fituar statusin e \u201cinvestitorit strategjik\u201d nga qeveria Rama p\u00ebrmes kompanis\u00eb s\u00eb tij\u00a0<strong>Meta Resorts Albania<\/strong>. E themeluar n\u00eb qershor t\u00eb vitit 2021 me objekt investimet n\u00eb fush\u00ebn e turizmit, kompania me kapital 100 lek\u00eb nuk duket t\u00eb ket\u00eb kryer ndonj\u00eb aktivitet deri m\u00eb tani.<\/p>\n<p>P\u00ebrtej Adriatikut, Mazzitelli dhe familja e tij jan\u00eb t\u00eb njohur si nd\u00ebrtues n\u00eb jugun e Italis\u00eb, si pronar\u00eb t\u00eb rrjetit t\u00eb hoteleve Metaresorts dhe televizionit Telebari. \u00a0Megjithat\u00eb, kompania e tyre, Construzioni Generali u p\u00ebrball s\u00eb fundmi me nj\u00eb proces gjyq\u00ebsor pas nj\u00eb hetimi t\u00eb Prokuroris\u00eb s\u00eb Barit q\u00eb ngrinte dyshime p\u00ebr falimentim t\u00eb q\u00ebllimsh\u00ebm me zhvendosje asetesh.<\/p>\n<p>Akuzat u rr\u00ebzuan\u00a0<strong><a href=\"https:\/\/www.ilcorrieredelgiorno.it\/il-tribunale-fallimentare-di-bari-concede-il-concordato-alla-costruzioni-generali-della-famiglia-mazzitelli\/\" target=\"_blank\" rel=\"noopener\">n\u00eb korrik 2024 nga Gjykata e Bari-t<\/a><\/strong>, por kjo e fundit po ashtu e detyron kompanin\u00eb e Mazzitellit t\u00eb garantoj\u00eb financiarisht shlyerjen e borxheve ndaj pal\u00ebve t\u00eb treta, pas vendimit p\u00ebr ristrukturimin e borxheve.<\/p>\n<p>M\u00eb her\u00ebt, Mazzitelli \u00ebsht\u00eb lakuar nga mediat italiane p\u00ebr nd\u00ebrtimet prej betoni n\u00eb bregdetin e Amalfit, nj\u00eb proces gjyq\u00ebsor lidhur me strehimin publik prej nga doli i pafajsh\u00ebm si dhe p\u00ebr mikpritjen n\u00eb vitin 2011 n\u00eb hotelin e tij n\u00eb Zvic\u00ebr t\u00eb ish-kryeministrit dhe kryetarit t\u00eb Partis\u00eb Demokratike t\u00eb Italis\u00eb, Massimo D\u2019Alema.<\/p>\n<p>Mazzitelli e ka vizituar edhe m\u00eb her\u00ebt Shqip\u00ebrin\u00eb, por gjurm\u00ebt e p\u00ebrfshirjes s\u00eb tij n\u00eb biznes datojn\u00eb n\u00eb vitin 2021. Sipas ekstraktit t\u00eb QKB, Meta Resorts Albania \u00ebsht\u00eb asistuar nga\u00a0<strong>drejtoresha aktuale e AIDA<\/strong>,\u00a0<strong>Laura Plaku (Saro)<\/strong>\u00a0dhe kompania e saj e konsulenc\u00ebs ligjore, PCG deri n\u00eb n\u00ebntor t\u00eb vitit 2023, kur emri i saj \u00ebsht\u00eb hequr si person kontakti nga kompania e Mazzitellit.<\/p>\n<p>Plaku u zgjodh n\u00eb krye t\u00eb AIDA n\u00eb shtator 2023, duke e \u00e7uar p\u00ebr likujdim kompanin\u00eb e saj t\u00eb konsulenc\u00ebs, PCG. Emri i saj si person kontakti n\u00eb kompanin\u00eb Meta Resorts Albania t\u00eb Mazzitellit u z\u00ebvend\u00ebsua me studion Halo\u00e7i t\u00eb Majlinda Halo\u00e7it, nj\u00eb kontabiliste q\u00eb sh\u00ebrben edhe si administratore e kompanis\u00eb s\u00eb konsulenc\u00ebs q\u00eb ish-kryeministri italian, Massimo D\u2019Alema ka themeluar n\u00eb Tiran\u00eb.<\/p>\n<p>Plaku mohoi q\u00eb t\u00eb kishte rol n\u00eb dh\u00ebnien e statusit \u201cinvestitor strategjik\u201d p\u00ebr kompanin\u00eb Meta Resorts Albania p\u00ebrmes nj\u00eb komunikimi me mesazhe me BIRN.<\/p>\n<p>\u201cAsnj\u00eb marr\u00ebdh\u00ebnie q\u00eb p\u00ebrb\u00ebn konflikt interesi p\u00ebr pozicionin q\u00eb\u00a0aktualisht\u00a0kam,\u201d shkroi ajo.<\/p>\n<p>E pyetur nga BIRN n\u00ebse biznesi i Mazzitell\u00ebs kishte lidhje me D\u2019Alem\u00ebn n\u00eb Shqip\u00ebri, Halo\u00e7i tha se ishte konsulente dhe merrej vet\u00ebm me procedurat e detyrimeve fiskale t\u00eb kompanive.<\/p>\n<p>\u201cNuk kam status dhe as dijeni q\u00eb t\u2019ju ndihmoj me informacione t\u00eb tipit kush \u00ebsht\u00eb para apo pas,\u201d tha ajo.<\/p>\n<p><strong>\u201cRast unikal\u201d<\/strong><\/p>\n<figure id=\"attachment_1598929\" class=\"wp-caption alignnone\" aria-describedby=\"caption-attachment-1598929\"><img loading=\"lazy\" decoding=\"async\" class=\"size-medium wp-image-1598929\" src=\"https:\/\/boldnews.al\/wp-content\/uploads\/2025\/09\/Kepi-i-shengjergjit-640x371.jpg\" sizes=\"auto, (max-width: 640px) 100vw, 640px\" srcset=\"https:\/\/boldnews.al\/wp-content\/uploads\/2025\/09\/Kepi-i-shengjergjit-640x371.jpg 640w, https:\/\/boldnews.al\/wp-content\/uploads\/2025\/09\/Kepi-i-shengjergjit-1024x594.jpg 1024w, https:\/\/boldnews.al\/wp-content\/uploads\/2025\/09\/Kepi-i-shengjergjit-750x435.jpg 750w, https:\/\/boldnews.al\/wp-content\/uploads\/2025\/09\/Kepi-i-shengjergjit.jpg 1046w\" alt=\"\" width=\"640\" height=\"371\" data-pin-no-hover=\"true\" \/><figcaption id=\"caption-attachment-1598929\" class=\"wp-caption-text\"><em>Kepi i Sh\u00ebngjergjit n\u00eb skajin per\u00ebndimor t\u00eb gadishullit t\u00eb Karaburunit, ku parashikohet t\u00eb nd\u00ebrtohen stacionet e plazhit<\/em><\/figcaption><\/figure>\n<p>I miratuar n\u00eb vitin 2015 nga qeveria \u201cRama\u201d,\u00a0ligji p\u00ebr \u201cInvestimet Strategjike\u201d ka kontribuar p\u00ebrgjat\u00eb nj\u00eb dekade n\u00eb betonizimin e bregdetit t\u00eb jugut me resorte rezidenciale dhe turistike nga nj\u00eb grup biznesmen\u00ebsh t\u00eb af\u00ebrt me qeverin\u00eb, pa kursyer ekosistemin dhe habitatet e mbrojtura. Por impakti i \u201cPashaliman Laguna Eko Resort\u201d i tejkalon projektet e m\u00ebparshme.<\/p>\n<p>Sipas vendimit t\u00eb Komitetit t\u00eb Investimeve Strategjike, shteti parashikon pjesmarrje n\u00eb k\u00ebt\u00eb investim, nd\u00ebrkoh\u00eb q\u00eb vler\u00ebsohet se nuk do t\u00eb ket\u00eb ndikim mjedisor. Projekti i studios Archea Associati i arkitektit Marco Casamonti parashikon sipas vendimit restaurim dhe rinovim t\u00eb strukturave ekzistuese dhe nd\u00ebrtimin e strukturave akomoduese prej druri, q\u00eb do t\u00eb vendosen \u201cmbi platforma lundruese (palafitte) n\u00eb Lagun\u00ebn e Pashalimanit.<\/p>\n<p>Por ekspert\u00ebt e fush\u00ebs dhe aktivist\u00ebt mjedisor\u00eb i than\u00eb BIRN se d\u00ebmi do t\u00eb jet\u00eb i pashmangsh\u00ebm.<\/p>\n<p>\u201cP\u00ebr mendimin tim, nj\u00eb projekt i till\u00eb nuk duhet realizuar, sepse do t\u00eb prishte t\u00eb gjith\u00eb peizazhin historik t\u00eb sitit, ku nd\u00ebrthuren trash\u00ebgimia arkeologjike, mjedisore dhe ushtarake,\u201d i tha BIRN arkeologu Saimir Shpuza, bashk\u00ebdrejtues i misionit arkeologjik n\u00eb Orik.<\/p>\n<p>\u201cSipas dokumentit, duket se nd\u00ebrtimet me sht\u00ebpi druri n\u00eb lagun\u00eb nuk do t\u00eb interferojn\u00eb me kodr\u00ebn ku gjendet siti, po t\u00eb mos harrojm\u00eb se n\u00eb an\u00ebn tjet\u00ebr t\u00eb lagun\u00ebs gjendet nekropoli i qytetit. Plus k\u00ebsaj, nd\u00ebrtesat ushtarake q\u00eb k\u00ebrkohet t\u00eb rijet\u00ebzohen jan\u00eb ngjitur me murin rrethues t\u00eb qytetit dhe rrethojn\u00eb pjes\u00ebn m\u00eb t\u00eb madhe t\u00eb sitit, i cili n\u00eb vetvete \u00ebsht\u00eb nj\u00eb pasuri publike,\u201d shtoi ai, duke theksuar se edhe n\u00eb lagun\u00eb jan\u00eb dokumentuar shum\u00eb struktura arkeologjike.<\/p>\n<p>P\u00ebr arkitekten dhe planifikuesen urbane, Doriana Musai, projekti \u00ebsht\u00eb shembulli m\u00eb ekstrem i konfliktit mes zhvillimit ekonomik dhe mbrojtjes s\u00eb pasurive publike. Musai thekson se projekti turistik luksoz futet n\u00eb nj\u00eb zon\u00eb t\u00eb trefisht\u00eb n\u00eb mbrojtje, duke krijuar sipas saj nj\u00eb precedent t\u00eb rreziksh\u00ebm t\u00eb p\u00ebrzierjes s\u00eb turizmit komercial me infrastruktur\u00ebn e siguris\u00eb.<\/p>\n<p>\u201cKoncepti i \u201crijet\u00ebzimit\u201d t\u00eb trash\u00ebgimis\u00eb rrezikon t\u00eb kthehet n\u00eb komodifikim t\u00eb arkeologjis\u00eb, duke zhdukur autencitetin e Orikumit si qytet antik dhe duke e p\u00ebrdorur si dekor p\u00ebr klientel\u00ebn e resortit,\u201d tha Musai.<\/p>\n<p>\u201c\u00cbsht\u00eb rast unikal n\u00eb bot\u00eb kjo lloj nd\u00ebrhyrje, ku turizmi futet me struktura n\u00eb tre zona t\u00eb mbrojtura, duke i aneksuar jo vet\u00ebm territor, por edhe duke d\u00ebmtuar,\u201d tha Musai.<\/p>\n<p>Edhe drejtuesi i AOS, Taulant Bino \u00ebsht\u00eb i shqet\u00ebsuar p\u00ebr projektin, q\u00eb sipas tij bie ndesh me ligjin p\u00ebr Trash\u00ebgimin\u00eb Kulturore dhe rrezikon q\u00eb ta kthej\u00eb nj\u00ebr\u00ebn prej \u201clagunave m\u00eb t\u00eb ve\u00e7anta n\u00eb Shqip\u00ebri\u201d n\u00eb nj\u00eb mjedis urban.<\/p>\n<p>\u201cD\u00ebmi \u00ebsht\u00eb i pamatsh\u00ebm dhe p\u00ebr fat t\u00eb keq, me miratimin e ligjit t\u00eb ri p\u00ebr zonat e mbrojtura nuk ka m\u00eb asnj\u00eb penges\u00eb,\u201d tha Bino. \u201cN\u00ebqoft\u00ebse do t\u00eb kishte nj\u00eb mekaniz\u00ebm ndalimi, mbrojtjeje, \u00a0do t\u00eb ishte p\u00ebrpara se t\u00eb jepej vendimi i KIS, se po u dha asnj\u00eb nuk i del kund\u00ebr,\u201d p\u00ebrfundoi ai.<strong><a href=\"https:\/\/www.reporter.al\/2025\/09\/15\/rrethimi-i-pashalimanit-pas-resortit-strategjik-fshihen-dyshime-per-konflikt-interesi\/\" target=\"_blank\" rel=\"noopener\">\/BIRN<\/a><\/strong><\/p>\n","protected":false},"excerpt":{"rendered":"<p>Qeveria i jep statusin e investitorit strategjik nj\u00eb biznesmeni italian me lidhje n\u00eb Tiran\u00eb p\u00ebr t\u00eb nd\u00ebrtuar nj\u00eb resort turistik n\u00eb nj\u00eb zon\u00eb me mbrojtje ligjore t\u00eb trefisht\u00eb n\u00eb Gjirin e Vlor\u00ebs, duke rrezikuar trash\u00ebgimin\u00eb kulturore, at\u00eb natyrore dhe baz\u00ebn e Forc\u00ebs Detare n\u00eb Pashaliman. Parku arkeologjik i Orikumit n\u00eb Gjirin e Vlor\u00ebs ofron nj\u00eb &hellip;<\/p>\n","protected":false},"author":4,"featured_media":123217,"comment_status":"closed","ping_status":"closed","sticky":false,"template":"","format":"standard","meta":{"footnotes":""},"categories":[37],"tags":[],"class_list":["post-123216","post","type-post","status-publish","format-standard","has-post-thumbnail","","category-politike"],"_links":{"self":[{"href":"https:\/\/rdnews.al\/index.php\/wp-json\/wp\/v2\/posts\/123216","targetHints":{"allow":["GET"]}}],"collection":[{"href":"https:\/\/rdnews.al\/index.php\/wp-json\/wp\/v2\/posts"}],"about":[{"href":"https:\/\/rdnews.al\/index.php\/wp-json\/wp\/v2\/types\/post"}],"author":[{"embeddable":true,"href":"https:\/\/rdnews.al\/index.php\/wp-json\/wp\/v2\/users\/4"}],"replies":[{"embeddable":true,"href":"https:\/\/rdnews.al\/index.php\/wp-json\/wp\/v2\/comments?post=123216"}],"version-history":[{"count":1,"href":"https:\/\/rdnews.al\/index.php\/wp-json\/wp\/v2\/posts\/123216\/revisions"}],"predecessor-version":[{"id":123218,"href":"https:\/\/rdnews.al\/index.php\/wp-json\/wp\/v2\/posts\/123216\/revisions\/123218"}],"wp:featuredmedia":[{"embeddable":true,"href":"https:\/\/rdnews.al\/index.php\/wp-json\/wp\/v2\/media\/123217"}],"wp:attachment":[{"href":"https:\/\/rdnews.al\/index.php\/wp-json\/wp\/v2\/media?parent=123216"}],"wp:term":[{"taxonomy":"category","embeddable":true,"href":"https:\/\/rdnews.al\/index.php\/wp-json\/wp\/v2\/categories?post=123216"},{"taxonomy":"post_tag","embeddable":true,"href":"https:\/\/rdnews.al\/index.php\/wp-json\/wp\/v2\/tags?post=123216"}],"curies":[{"name":"wp","href":"https:\/\/api.w.org\/{rel}","templated":true}]}}