{"id":123219,"date":"2025-09-15T08:42:13","date_gmt":"2025-09-15T08:42:13","guid":{"rendered":"https:\/\/rdnews.al\/?p=123219"},"modified":"2025-09-15T08:42:13","modified_gmt":"2025-09-15T08:42:13","slug":"berisha-altin-dumani-po-shkulte-leshrat-sepse-iu-bene-pluhur-perpjekjet-antikushtetuese-per-te-zgjatur-mandatin","status":"publish","type":"post","link":"https:\/\/rdnews.al\/index.php\/2025\/09\/15\/berisha-altin-dumani-po-shkulte-leshrat-sepse-iu-bene-pluhur-perpjekjet-antikushtetuese-per-te-zgjatur-mandatin\/","title":{"rendered":"Berisha: Altin Dumani po shkulte leshrat sepse iu b\u00ebn\u00eb pluhur p\u00ebrpjekjet antikushtetuese p\u00ebr t\u00eb zgjatur mandatin!"},"content":{"rendered":"<p>Pas vendimit antikushtetuese t\u00eb drejt\u00ebsis\u00eb s\u00eb dirigjuar nga kryeministri Edi Rama, kryetari i PD, Sali Berisha u paraqit rreth or\u00eb 10:00 n\u00eb SPAK. Pas daljes nga SPAK, Berisha tha p\u00ebr mediat se, Altin Dumani po shkulte leshrat sepse iu b\u00ebn\u00eb pluhur p\u00ebrpjekjet antikushtetuese p\u00ebr t\u00eb zgjatur mandatin.<\/p>\n<p><strong>\u201c<\/strong>Altin Dumani po shkulte leshrat, po qante dhe b\u00ebrtiste sepse u b\u00ebn\u00eb pluhur p\u00ebrpjekjet e tij pu\u00e7iste antikushtetuese p\u00ebr t\u00eb zgjatur mandatin.<\/p>\n<p>Ky kriminel kushtetues p\u00ebrdori detyr\u00ebn, besimin dhe ligjin p\u00ebr t\u00eb b\u00ebr\u00eb pazare p\u00ebr interesa personale.<\/p>\n<p>Ky kriminel kushtetues amnistoi ministra q\u00eb b\u00ebnin pazare me kartelet e drog\u00ebs, Taulantin q\u00eb zbatonte porosit\u00eb e Suelit p\u00ebr t\u00eb arrestuar kund\u00ebrshtar\u00ebt e band\u00ebs s\u00eb Suelit.<\/p>\n<p>Taulantin, q\u00eb urdh\u00ebrohej nga \u00c7ela p\u00ebr t\u00eb liruar terrorist\u00ebt q\u00eb vendos\u00ebn n\u00ebn shal\u00ebn e bi\u00e7iklet\u00ebs s\u00eb Lulzim Kull\u00ebs tritolin.<\/p>\n<p>B\u00ebnte pazare me krimet e Uluziut, q\u00eb merrte dy kostume t\u00eb bukura nga Altin Hajri dhe q\u00eb k\u00ebrkonte nga bandit\u00ebt dhe trafikant\u00ebt 500 mij\u00eb euro dhe \u00e7ant\u00ebn Louis Vuitton se i duhej p\u00ebr zonj\u00ebn.<\/p>\n<p>Pazare me Edi Ram\u00ebn sepse e nxori Olsin t\u00eb panjohur, n\u00eb nj\u00eb koh\u00eb kur Olsi ishte absolutisht n\u00eb krye t\u00eb organizat\u00ebs kriminale t\u00eb grupit t\u00eb Xibrak\u00ebs q\u00eb drejtohej nga Hakmarrja p\u00ebr Drejt\u00ebsi.<\/p>\n<p>Po edhe ajo e Geron Me\u00e7es, e dini ju at\u00eb, q\u00eb Geron Me\u00e7e i thoshte k\u00ebtij Daniel Shim\u00ebs se ABS-ja \u00ebsht\u00eb Fangu dhe se te tenderat nd\u00ebrhyn vet\u00eb Zonja e Par\u00eb, zonja Basha\u201d, tha Berisha.<\/p>\n","protected":false},"excerpt":{"rendered":"<p>Pas vendimit antikushtetuese t\u00eb drejt\u00ebsis\u00eb s\u00eb dirigjuar nga kryeministri Edi Rama, kryetari i PD, Sali Berisha u paraqit rreth or\u00eb 10:00 n\u00eb SPAK. Pas daljes nga SPAK, Berisha tha p\u00ebr mediat se, Altin Dumani po shkulte leshrat sepse iu b\u00ebn\u00eb pluhur p\u00ebrpjekjet antikushtetuese p\u00ebr t\u00eb zgjatur mandatin. \u201cAltin Dumani po shkulte leshrat, po qante dhe &hellip;<\/p>\n","protected":false},"author":4,"featured_media":123220,"comment_status":"closed","ping_status":"closed","sticky":false,"template":"","format":"standard","meta":{"footnotes":""},"categories":[37],"tags":[],"class_list":["post-123219","post","type-post","status-publish","format-standard","has-post-thumbnail","","category-politike"],"_links":{"self":[{"href":"https:\/\/rdnews.al\/index.php\/wp-json\/wp\/v2\/posts\/123219","targetHints":{"allow":["GET"]}}],"collection":[{"href":"https:\/\/rdnews.al\/index.php\/wp-json\/wp\/v2\/posts"}],"about":[{"href":"https:\/\/rdnews.al\/index.php\/wp-json\/wp\/v2\/types\/post"}],"author":[{"embeddable":true,"href":"https:\/\/rdnews.al\/index.php\/wp-json\/wp\/v2\/users\/4"}],"replies":[{"embeddable":true,"href":"https:\/\/rdnews.al\/index.php\/wp-json\/wp\/v2\/comments?post=123219"}],"version-history":[{"count":1,"href":"https:\/\/rdnews.al\/index.php\/wp-json\/wp\/v2\/posts\/123219\/revisions"}],"predecessor-version":[{"id":123221,"href":"https:\/\/rdnews.al\/index.php\/wp-json\/wp\/v2\/posts\/123219\/revisions\/123221"}],"wp:featuredmedia":[{"embeddable":true,"href":"https:\/\/rdnews.al\/index.php\/wp-json\/wp\/v2\/media\/123220"}],"wp:attachment":[{"href":"https:\/\/rdnews.al\/index.php\/wp-json\/wp\/v2\/media?parent=123219"}],"wp:term":[{"taxonomy":"category","embeddable":true,"href":"https:\/\/rdnews.al\/index.php\/wp-json\/wp\/v2\/categories?post=123219"},{"taxonomy":"post_tag","embeddable":true,"href":"https:\/\/rdnews.al\/index.php\/wp-json\/wp\/v2\/tags?post=123219"}],"curies":[{"name":"wp","href":"https:\/\/api.w.org\/{rel}","templated":true}]}}