{"id":123222,"date":"2025-09-15T08:50:18","date_gmt":"2025-09-15T08:50:18","guid":{"rendered":"https:\/\/rdnews.al\/?p=123222"},"modified":"2025-09-15T10:09:23","modified_gmt":"2025-09-15T10:09:23","slug":"berisha-altin-troplinimori-700-mije-euro-per-te-lene-te-lire-altin-hajrin-1-milion-euro-i-mori-nga-ymer-lala","status":"publish","type":"post","link":"https:\/\/rdnews.al\/index.php\/2025\/09\/15\/berisha-altin-troplinimori-700-mije-euro-per-te-lene-te-lire-altin-hajrin-1-milion-euro-i-mori-nga-ymer-lala\/","title":{"rendered":"Berisha: Altin \u201cTroplini\u201d mori 700 mij\u00eb euro p\u00ebr t\u00eb l\u00ebn\u00eb t\u00eb lir\u00eb Altin Hajrin, 1 milion euro i mori nga Ymer Lala"},"content":{"rendered":"<p>Kryetari i PD, Sali Berisha n\u00eb prononcimin e tij p\u00ebr mediat, tha se, Altin \u201cTroplini\u201d mori 700 mij\u00eb euro p\u00ebr t\u00eb l\u00ebn\u00eb t\u00eb lir\u00eb Altin Hajrin, 1 milion\u00eb euro i mori nga Ymer Lala, Ai gjithashtu denoncoi lidhjet e qeveris\u00eb me familjen Hajri dhe u shpreh se ligji antimafia n\u00eb Shqip\u00ebri nuk zbatohet p\u00ebr disa individ\u00eb.<\/p>\n<p>\u201cNuk jan\u00eb vet\u00ebm k\u00ebto pazare t\u00eb ul\u00ebta, t\u00eb turpshme me politikan\u00eb q\u00eb b\u00ebri ky. Por ky b\u00ebri pazare me bandit\u00eb, me vras\u00ebs.<\/p>\n<p>Altin Hajri \u00ebsht\u00eb sot i lir\u00eb p\u00ebr shkak t\u00eb tij.<\/p>\n<p>Dhe d\u00ebnohet roja q\u00eb cop\u00ebtoi n\u00eb lokalin e Altin Hajrit kufom\u00ebn e Jan Preng\u00ebs dhe Altini \u00ebsht\u00eb i lir\u00eb, sepse Altin Troplini k\u00ebtu, sipas burimeve, mori 700 mij\u00eb euro.<\/p>\n<p>Po jo vet\u00ebm kaq, se ju mund t\u00eb thoni po k\u00ebto burime, dakord, nj\u00eb dokument nuk ekziston p\u00ebr k\u00ebt\u00eb, por ekziston nj\u00eb dokument tjet\u00ebr q\u00ebe firmos Altin Troplinin.<\/p>\n<p>Ekziston dokumenti q\u00eb Edi Rama i firmos bashk\u00ebshortes s\u00eb Altin Hajrit hotel me 8 kate, nd\u00ebrkoh\u00eb q\u00eb ai \u00ebsht\u00eb subjekt i ligjit antimafia. E gjith\u00eb familja Hajri \u00ebsht\u00eb subjekt i ligjit antimafia.<\/p>\n<p>Si\u00e7 \u00ebsht\u00eb Fatmir Xhafaj, Faqezi Xhafaj, i cili ka pafytyr\u00ebsin\u00eb t\u00eb kryesoj\u00eb komisionin, n\u00eb nj\u00eb koh\u00eb kur pasuria e tij \u00ebsht\u00eb vendosur mbi krimin e Gerondit, mbi trafiqet e Gerondit.<\/p>\n<p>Por ligji antimafia n\u00eb Shqip\u00ebri, p\u00ebr shkak t\u00eb Altin Troplinit, nuk ekziston.<\/p>\n<p>Merren me njer\u00ebz q\u00eb u gjejn\u00eb ndonj\u00eb doz\u00eb kokain\u00eb kund n\u00ebp\u00ebr xhepa dhe i p\u00ebrplasin n\u00eb burgje.<\/p>\n<p>Ju e dini famozen Erjona Daupaj, ua kam paraqitur k\u00ebtu regjistrimet e saj, kur ajo me dy prokuror\u00eb b\u00ebn pazare me band\u00ebn \u00c7ela.<\/p>\n<p>B\u00ebn pazare se sa do paguanin grupi Toyota Yaris p\u00ebr t\u00eb marr\u00eb mbrapa makinat.<\/p>\n<p>Nj\u00ebrit i thot\u00eb se a jep 30 mij\u00eb, jo i thot\u00eb ky, dua 70 mij\u00eb.<\/p>\n<p>Dhe kur k\u00ebt\u00eb e thirri Altin Troplini, \u00e7far\u00eb i tha: i tha zotrote, na thuaj pak, kur more n\u00eb pyetje Ymer Lal\u00ebn, t\u00eb rreshtuara 90 pyetje q\u00eb do i b\u00ebje, dhe q\u00eb ishte arrestuar p\u00ebr vrasje, e pyete p\u00ebr \u00e7do gj\u00eb tjet\u00ebr, por jo vet\u00ebm p\u00ebr vrasje.<\/p>\n<p>Se ky ishte ushtar i Ymer Lal\u00ebs. Jo, jo, Ymer Lala i pagoi 1 milion\u00eb k\u00ebtij.<\/p>\n<p>Se t\u00eb arrestohet Ymer Lala, t\u00eb akuzohet nga Luftar Re\u00e7i p\u00ebr vrasje me d\u00ebshmi dhe fakte, dhe ky sot \u00ebsht\u00eb i lir\u00eb, Ymer Lala.<\/p>\n<p>Pra, p\u00ebr t\u00eb gjitha k\u00ebto, ky donte me \u00e7do kusht t\u2019i zgjatej mandati, i tmerruar.<\/p>\n<p>Ky doli me tez\u00ebn se mandati nuk \u00ebsht\u00eb i ri.<\/p>\n<p>Imagjinoni \u00e7far\u00eb koncepti kishte ky pu\u00e7ist.<\/p>\n<p>Ky njeri do t\u00eb zgjas\u00eb mandatin se rr\u00ebmbeu gazetarin n\u00eb mes t\u00eb rrug\u00ebs.<\/p>\n<p>Dhe un\u00eb u them ju se pengmarr\u00ebsi \u00ebsht\u00eb identik dhe as m\u00eb pak se p\u00ebrdhunuesi.<\/p>\n<p>Pra, ky mori Elton Qynon me kriminel\u00eb q\u00eb urdh\u00ebroi, i mori edhe mjetet e pun\u00ebs, dhe pavar\u00ebsisht nga gjykimet nd\u00ebrkomb\u00ebtare, ky ushtar i krimit nuk ia kthente, vet\u00ebm e vet\u00ebm se ai kishte n\u00eb regjistrime t\u00eb dh\u00ebna p\u00ebr Ram\u00ebn dhe Altin Troplinin vet\u00eb\u201d, u shpreh Berisha.<\/p>\n","protected":false},"excerpt":{"rendered":"<p>Kryetari i PD, Sali Berisha n\u00eb prononcimin e tij p\u00ebr mediat, tha se, Altin \u201cTroplini\u201d mori 700 mij\u00eb euro p\u00ebr t\u00eb l\u00ebn\u00eb t\u00eb lir\u00eb Altin Hajrin, 1 milion\u00eb euro i mori nga Ymer Lala, Ai gjithashtu denoncoi lidhjet e qeveris\u00eb me familjen Hajri dhe u shpreh se ligji antimafia n\u00eb Shqip\u00ebri nuk zbatohet p\u00ebr disa &hellip;<\/p>\n","protected":false},"author":4,"featured_media":123223,"comment_status":"closed","ping_status":"closed","sticky":false,"template":"","format":"standard","meta":{"footnotes":""},"categories":[37],"tags":[],"class_list":["post-123222","post","type-post","status-publish","format-standard","has-post-thumbnail","","category-politike"],"_links":{"self":[{"href":"https:\/\/rdnews.al\/index.php\/wp-json\/wp\/v2\/posts\/123222","targetHints":{"allow":["GET"]}}],"collection":[{"href":"https:\/\/rdnews.al\/index.php\/wp-json\/wp\/v2\/posts"}],"about":[{"href":"https:\/\/rdnews.al\/index.php\/wp-json\/wp\/v2\/types\/post"}],"author":[{"embeddable":true,"href":"https:\/\/rdnews.al\/index.php\/wp-json\/wp\/v2\/users\/4"}],"replies":[{"embeddable":true,"href":"https:\/\/rdnews.al\/index.php\/wp-json\/wp\/v2\/comments?post=123222"}],"version-history":[{"count":2,"href":"https:\/\/rdnews.al\/index.php\/wp-json\/wp\/v2\/posts\/123222\/revisions"}],"predecessor-version":[{"id":123254,"href":"https:\/\/rdnews.al\/index.php\/wp-json\/wp\/v2\/posts\/123222\/revisions\/123254"}],"wp:featuredmedia":[{"embeddable":true,"href":"https:\/\/rdnews.al\/index.php\/wp-json\/wp\/v2\/media\/123223"}],"wp:attachment":[{"href":"https:\/\/rdnews.al\/index.php\/wp-json\/wp\/v2\/media?parent=123222"}],"wp:term":[{"taxonomy":"category","embeddable":true,"href":"https:\/\/rdnews.al\/index.php\/wp-json\/wp\/v2\/categories?post=123222"},{"taxonomy":"post_tag","embeddable":true,"href":"https:\/\/rdnews.al\/index.php\/wp-json\/wp\/v2\/tags?post=123222"}],"curies":[{"name":"wp","href":"https:\/\/api.w.org\/{rel}","templated":true}]}}