{"id":123225,"date":"2025-09-15T08:55:56","date_gmt":"2025-09-15T08:55:56","guid":{"rendered":"https:\/\/rdnews.al\/?p=123225"},"modified":"2025-09-15T09:01:09","modified_gmt":"2025-09-15T09:01:09","slug":"berisha-vleresoj-qendrimin-e-ri-te-dash-per-mandatin-e-altin-troplinit-kjo-eshte-nje-ndihme-e-vertete-per-luften-kunder-krimit-dhe-karteleve","status":"publish","type":"post","link":"https:\/\/rdnews.al\/index.php\/2025\/09\/15\/berisha-vleresoj-qendrimin-e-ri-te-dash-per-mandatin-e-altin-troplinit-kjo-eshte-nje-ndihme-e-vertete-per-luften-kunder-krimit-dhe-karteleve\/","title":{"rendered":"Berisha: Vler\u00ebsoj q\u00ebndrimin e ri t\u00eb DASH p\u00ebr mandatin e Altin \u201cTroplinit\u201d, kjo \u00ebsht\u00eb nj\u00eb ndihm\u00eb e v\u00ebrtet\u00eb p\u00ebr luft\u00ebn kund\u00ebr krimit dhe karteleve"},"content":{"rendered":"<p>Lideri i opozit\u00ebs, Sali Berisha tha p\u00ebr mediat se vler\u00ebson q\u00ebndrimin e ri t\u00eb Departamentit t\u00eb Shtetit t\u00eb SHBA-s\u00eb p\u00ebr mandatin e kryetarit t\u00eb Prokuroris\u00eb s\u00eb Posa\u00e7me, Altin Troplini, duke e cil\u00ebsuar k\u00ebt\u00eb si nj\u00eb ndihm\u00eb t\u00eb v\u00ebrtet\u00eb p\u00ebr luft\u00ebn kund\u00ebr krimit dhe karteleve t\u00eb drog\u00ebs n\u00eb Shqip\u00ebri.<\/p>\n<p>Berisha tha se, Altin \u201cTroplini\u201d mori nj\u00eb p\u00ebrgjigje p\u00ebrfundimtare, teksa mandati i tij skadon n\u00eb dhjetor, dhe theksoi se ish-kreu i institucionit largohet si nj\u00eb \u201cpu\u00e7ist\u201d q\u00eb\u00a0e zhyti prokurorin\u00eb n\u00eb krim dhe mbajti dosjet e krimit t\u00eb pazgjidhura.<\/p>\n<p>\u201cTani, si\u00e7 e pat\u00eb ju, Troplini mori nj\u00eb p\u00ebrgjigje p\u00ebrfundimtare, mandati i tij skadon n\u00eb dhjetor dhe ky largohet si kryetar i k\u00ebtij institucioni si nj\u00eb pu\u00e7ist q\u00eb e zhyti n\u00eb krim, q\u00eb fjeti mbi dosjet e krimit dhe q\u00eb un\u00eb e garantoj se p\u00ebr secil\u00ebn prej tyre do p\u00ebrballet me ligjin.<\/p>\n<p>Kjo prokurori \u00ebsht\u00eb prokurori e shtetit dhe nuk \u00ebsht\u00eb e asnj\u00eb individi.<\/p>\n<p>Dhe ai do p\u00ebrballet me ligjin.<\/p>\n<p>E vler\u00ebsoj dhe e \u00e7moj shum\u00eb q\u00ebndrimin e ri t\u00eb Departamentit t\u00eb Shtetit n\u00eb SHBA, i shprehur nga p\u00ebrfaq\u00ebsuesja e k\u00ebtij vendi n\u00eb Tiran\u00eb se mandati i tij mbaron dhe kjo nuk ka komente.<\/p>\n<p>Nd\u00ebrkoh\u00eb q\u00eb m\u00eb par\u00eb kishte nj\u00eb q\u00ebndrim tjet\u00ebr.<\/p>\n<p>Dhe e garantoj DASH se ky q\u00ebndrim i ri \u00ebsht\u00eb nj\u00eb ndihm\u00eb e v\u00ebrtet\u00eb p\u00ebr luft\u00ebn kund\u00ebr krimit dhe karteleve t\u00eb drog\u00ebs n\u00eb Shqip\u00ebri\u201d, tha Berisha.<\/p>\n","protected":false},"excerpt":{"rendered":"<p>Lideri i opozit\u00ebs, Sali Berisha tha p\u00ebr mediat se vler\u00ebson q\u00ebndrimin e ri t\u00eb Departamentit t\u00eb Shtetit t\u00eb SHBA-s\u00eb p\u00ebr mandatin e kryetarit t\u00eb Prokuroris\u00eb s\u00eb Posa\u00e7me, Altin Troplini, duke e cil\u00ebsuar k\u00ebt\u00eb si nj\u00eb ndihm\u00eb t\u00eb v\u00ebrtet\u00eb p\u00ebr luft\u00ebn kund\u00ebr krimit dhe karteleve t\u00eb drog\u00ebs n\u00eb Shqip\u00ebri. Berisha tha se, Altin \u201cTroplini\u201d mori nj\u00eb &hellip;<\/p>\n","protected":false},"author":4,"featured_media":123220,"comment_status":"closed","ping_status":"closed","sticky":false,"template":"","format":"standard","meta":{"footnotes":""},"categories":[37],"tags":[],"class_list":["post-123225","post","type-post","status-publish","format-standard","has-post-thumbnail","","category-politike"],"_links":{"self":[{"href":"https:\/\/rdnews.al\/index.php\/wp-json\/wp\/v2\/posts\/123225","targetHints":{"allow":["GET"]}}],"collection":[{"href":"https:\/\/rdnews.al\/index.php\/wp-json\/wp\/v2\/posts"}],"about":[{"href":"https:\/\/rdnews.al\/index.php\/wp-json\/wp\/v2\/types\/post"}],"author":[{"embeddable":true,"href":"https:\/\/rdnews.al\/index.php\/wp-json\/wp\/v2\/users\/4"}],"replies":[{"embeddable":true,"href":"https:\/\/rdnews.al\/index.php\/wp-json\/wp\/v2\/comments?post=123225"}],"version-history":[{"count":1,"href":"https:\/\/rdnews.al\/index.php\/wp-json\/wp\/v2\/posts\/123225\/revisions"}],"predecessor-version":[{"id":123227,"href":"https:\/\/rdnews.al\/index.php\/wp-json\/wp\/v2\/posts\/123225\/revisions\/123227"}],"wp:featuredmedia":[{"embeddable":true,"href":"https:\/\/rdnews.al\/index.php\/wp-json\/wp\/v2\/media\/123220"}],"wp:attachment":[{"href":"https:\/\/rdnews.al\/index.php\/wp-json\/wp\/v2\/media?parent=123225"}],"wp:term":[{"taxonomy":"category","embeddable":true,"href":"https:\/\/rdnews.al\/index.php\/wp-json\/wp\/v2\/categories?post=123225"},{"taxonomy":"post_tag","embeddable":true,"href":"https:\/\/rdnews.al\/index.php\/wp-json\/wp\/v2\/tags?post=123225"}],"curies":[{"name":"wp","href":"https:\/\/api.w.org\/{rel}","templated":true}]}}