{"id":123230,"date":"2025-09-15T09:05:25","date_gmt":"2025-09-15T09:05:25","guid":{"rendered":"https:\/\/rdnews.al\/?p=123230"},"modified":"2025-09-15T09:05:25","modified_gmt":"2025-09-15T09:05:25","slug":"berisha-dumani-kerkoi-te-perdhose-kushtetuten-per-te-zgjatur-mandatin-e-krimit-do-marre-pergjigjen-e-merituar-ligjore","status":"publish","type":"post","link":"https:\/\/rdnews.al\/index.php\/2025\/09\/15\/berisha-dumani-kerkoi-te-perdhose-kushtetuten-per-te-zgjatur-mandatin-e-krimit-do-marre-pergjigjen-e-merituar-ligjore\/","title":{"rendered":"Berisha: Dumani k\u00ebrkoi t\u00eb p\u00ebrdhos\u00eb Kushtetut\u00ebn p\u00ebr t\u00eb zgjatur mandatin e krimit, do marr\u00eb p\u00ebrgjigjen e merituar ligjore"},"content":{"rendered":"<p>Lideri i opozit\u00ebs, Sali Berisha ka b\u00ebr\u00eb publike mesazhin e l\u00ebn\u00eb n\u00eb SPAK p\u00ebr drejtuesin e k\u00ebtij institucioni, Altin Dumani.<\/p>\n<p>\u201cAltin Dumanit, autorit t\u00eb krimeve t\u00eb r\u00ebnda kushtetuese, amnistis\u00eb elektorale t\u00eb krimit elektoral, gjumit mbi dosjet e krimit, pu\u00e7ist q\u00eb k\u00ebrkoi t\u00eb p\u00ebrdhos\u00eb Kushtetut\u00ebn p\u00ebr t\u00eb zgjatur mandatin e tij t\u00eb krimit, e siguroj se ligji dhe Kushtetuta do t\u00eb zbatohen dhe se ai do marr\u00eb p\u00ebrgjigjen e merituar ligjore p\u00ebr t\u00eb gjith\u00eb veprimtarin\u00eb e tij kriminale\u201d, tha Berisha.<\/p>\n","protected":false},"excerpt":{"rendered":"<p>Lideri i opozit\u00ebs, Sali Berisha ka b\u00ebr\u00eb publike mesazhin e l\u00ebn\u00eb n\u00eb SPAK p\u00ebr drejtuesin e k\u00ebtij institucioni, Altin Dumani. \u201cAltin Dumanit, autorit t\u00eb krimeve t\u00eb r\u00ebnda kushtetuese, amnistis\u00eb elektorale t\u00eb krimit elektoral, gjumit mbi dosjet e krimit, pu\u00e7ist q\u00eb k\u00ebrkoi t\u00eb p\u00ebrdhos\u00eb Kushtetut\u00ebn p\u00ebr t\u00eb zgjatur mandatin e tij t\u00eb krimit, e siguroj se &hellip;<\/p>\n","protected":false},"author":4,"featured_media":123231,"comment_status":"closed","ping_status":"closed","sticky":false,"template":"","format":"standard","meta":{"footnotes":""},"categories":[37],"tags":[],"class_list":["post-123230","post","type-post","status-publish","format-standard","has-post-thumbnail","","category-politike"],"_links":{"self":[{"href":"https:\/\/rdnews.al\/index.php\/wp-json\/wp\/v2\/posts\/123230","targetHints":{"allow":["GET"]}}],"collection":[{"href":"https:\/\/rdnews.al\/index.php\/wp-json\/wp\/v2\/posts"}],"about":[{"href":"https:\/\/rdnews.al\/index.php\/wp-json\/wp\/v2\/types\/post"}],"author":[{"embeddable":true,"href":"https:\/\/rdnews.al\/index.php\/wp-json\/wp\/v2\/users\/4"}],"replies":[{"embeddable":true,"href":"https:\/\/rdnews.al\/index.php\/wp-json\/wp\/v2\/comments?post=123230"}],"version-history":[{"count":1,"href":"https:\/\/rdnews.al\/index.php\/wp-json\/wp\/v2\/posts\/123230\/revisions"}],"predecessor-version":[{"id":123232,"href":"https:\/\/rdnews.al\/index.php\/wp-json\/wp\/v2\/posts\/123230\/revisions\/123232"}],"wp:featuredmedia":[{"embeddable":true,"href":"https:\/\/rdnews.al\/index.php\/wp-json\/wp\/v2\/media\/123231"}],"wp:attachment":[{"href":"https:\/\/rdnews.al\/index.php\/wp-json\/wp\/v2\/media?parent=123230"}],"wp:term":[{"taxonomy":"category","embeddable":true,"href":"https:\/\/rdnews.al\/index.php\/wp-json\/wp\/v2\/categories?post=123230"},{"taxonomy":"post_tag","embeddable":true,"href":"https:\/\/rdnews.al\/index.php\/wp-json\/wp\/v2\/tags?post=123230"}],"curies":[{"name":"wp","href":"https:\/\/api.w.org\/{rel}","templated":true}]}}