{"id":123233,"date":"2025-09-15T09:11:08","date_gmt":"2025-09-15T09:11:08","guid":{"rendered":"https:\/\/rdnews.al\/?p=123233"},"modified":"2025-09-15T09:11:26","modified_gmt":"2025-09-15T09:11:26","slug":"berisha-procesi-ndaj-jamarber-malltezi-nis-mbi-nje-baze-antiligjore-ai-nuk-ka-qene-kurre-zyrtar-apo-funksionar","status":"publish","type":"post","link":"https:\/\/rdnews.al\/index.php\/2025\/09\/15\/berisha-procesi-ndaj-jamarber-malltezi-nis-mbi-nje-baze-antiligjore-ai-nuk-ka-qene-kurre-zyrtar-apo-funksionar\/","title":{"rendered":"Berisha: Procesi ndaj Jamarb\u00ebr Malltezit nis mbi nj\u00eb baz\u00eb antiligjore, ai nuk ka qen\u00eb kurr\u00eb zyrtar apo funksionar!"},"content":{"rendered":"<p>Kryetari i PD, Sali Berisha tha se, <strong>p<\/strong>rocesi ndaj Jamarb\u00ebr Malltezit nis mbi nj\u00eb baz\u00eb antiligjore! Bazuar n\u00eb vendimin e Gjykat\u00ebs s\u00eb Lart\u00eb, ai nuk ka qen\u00eb kurr\u00eb zyrtar apo funksionar. Ai u b\u00ebri thirrje qytetar\u00ebve t\u00eb gjykojn\u00eb vet\u00eb mbi ligjshm\u00ebrin\u00eb e procedur\u00ebs dhe p\u00ebrputhshm\u00ebrin\u00eb e saj me standardet e drejt\u00ebsis\u00eb.<\/p>\n<p>\u201cS\u00eb fundmi, kjo nuk ka shum\u00eb lidhje me k\u00ebto, por prap\u00eb&#8230;<\/p>\n<p>Sot fillon procesi gjyq\u00ebsor.<\/p>\n<p>Gjykata e Lart\u00eb n\u00eb nj\u00eb vendim t\u00eb dyt\u00eb shpall se p\u00ebr vepr\u00ebn e korrupsionit pasiv duhet detyrimisht q\u00eb n\u00ebpun\u00ebsi apo funksionari t\u00eb jet\u00eb funksionar publik.<\/p>\n<p>Dhe duhet detyrimisht q\u00eb t\u00eb ken\u00eb pasur fuqi vendimmarr\u00ebse.<\/p>\n<p>Jamarb\u00ebr Malltezi nuk ka qen\u00eb kurr\u00eb zyrtar apo funksionar publik, sepse ligji ka p\u00ebrjashtuar universitetet nga kjo kategori.<\/p>\n<p>Dhe n\u00eb ligjin e ri q\u00eb po b\u00ebjn\u00eb, tani po p\u00ebrpiqen q\u00eb t\u2019i p\u00ebrfshijn\u00eb.<\/p>\n<p>Por, po k\u00ebta zot\u00ebrinj, q\u00eb tani n\u00eb nj\u00eb vendim t\u00eb muajit korrik, qart\u00ebsojn\u00eb se nuk mund t\u00eb ket\u00eb korrupsion pasiv n\u00eb qoft\u00eb se personi nuk \u00ebsht\u00eb zyrtar i lart\u00eb apo zyrtar jo i lart\u00eb se jan\u00eb dy nene dhe q\u00eb ka fuqi vendimmarr\u00ebse.<\/p>\n<p>Tani gjykojeni vet\u00eb mbi \u00e7\u2019baz\u00eb fillon procesi sot.<br \/>\nFillon mbi nj\u00eb baz\u00eb jasht\u00ebligjore\u201d, tha Berisha.<\/p>\n","protected":false},"excerpt":{"rendered":"<p>Kryetari i PD, Sali Berisha tha se, procesi ndaj Jamarb\u00ebr Malltezit nis mbi nj\u00eb baz\u00eb antiligjore! Bazuar n\u00eb vendimin e Gjykat\u00ebs s\u00eb Lart\u00eb, ai nuk ka qen\u00eb kurr\u00eb zyrtar apo funksionar. Ai u b\u00ebri thirrje qytetar\u00ebve t\u00eb gjykojn\u00eb vet\u00eb mbi ligjshm\u00ebrin\u00eb e procedur\u00ebs dhe p\u00ebrputhshm\u00ebrin\u00eb e saj me standardet e drejt\u00ebsis\u00eb. \u201cS\u00eb fundmi, kjo nuk &hellip;<\/p>\n","protected":false},"author":4,"featured_media":123223,"comment_status":"closed","ping_status":"closed","sticky":false,"template":"","format":"standard","meta":{"footnotes":""},"categories":[37],"tags":[],"class_list":["post-123233","post","type-post","status-publish","format-standard","has-post-thumbnail","","category-politike"],"_links":{"self":[{"href":"https:\/\/rdnews.al\/index.php\/wp-json\/wp\/v2\/posts\/123233","targetHints":{"allow":["GET"]}}],"collection":[{"href":"https:\/\/rdnews.al\/index.php\/wp-json\/wp\/v2\/posts"}],"about":[{"href":"https:\/\/rdnews.al\/index.php\/wp-json\/wp\/v2\/types\/post"}],"author":[{"embeddable":true,"href":"https:\/\/rdnews.al\/index.php\/wp-json\/wp\/v2\/users\/4"}],"replies":[{"embeddable":true,"href":"https:\/\/rdnews.al\/index.php\/wp-json\/wp\/v2\/comments?post=123233"}],"version-history":[{"count":2,"href":"https:\/\/rdnews.al\/index.php\/wp-json\/wp\/v2\/posts\/123233\/revisions"}],"predecessor-version":[{"id":123235,"href":"https:\/\/rdnews.al\/index.php\/wp-json\/wp\/v2\/posts\/123233\/revisions\/123235"}],"wp:featuredmedia":[{"embeddable":true,"href":"https:\/\/rdnews.al\/index.php\/wp-json\/wp\/v2\/media\/123223"}],"wp:attachment":[{"href":"https:\/\/rdnews.al\/index.php\/wp-json\/wp\/v2\/media?parent=123233"}],"wp:term":[{"taxonomy":"category","embeddable":true,"href":"https:\/\/rdnews.al\/index.php\/wp-json\/wp\/v2\/categories?post=123233"},{"taxonomy":"post_tag","embeddable":true,"href":"https:\/\/rdnews.al\/index.php\/wp-json\/wp\/v2\/tags?post=123233"}],"curies":[{"name":"wp","href":"https:\/\/api.w.org\/{rel}","templated":true}]}}