{"id":123236,"date":"2025-09-15T09:14:57","date_gmt":"2025-09-15T09:14:57","guid":{"rendered":"https:\/\/rdnews.al\/?p=123236"},"modified":"2025-09-15T09:14:57","modified_gmt":"2025-09-15T09:14:57","slug":"berisha-kur-avoketerit-te-me-keshillojne-qe-une-te-jem-i-pranishem-ne-sallen-e-gjyqit-do-te-shkoj-pa-asnje-hezitim","status":"publish","type":"post","link":"https:\/\/rdnews.al\/index.php\/2025\/09\/15\/berisha-kur-avoketerit-te-me-keshillojne-qe-une-te-jem-i-pranishem-ne-sallen-e-gjyqit-do-te-shkoj-pa-asnje-hezitim\/","title":{"rendered":"Berisha: Kur avoket\u00ebrit t\u00eb m\u00eb k\u00ebshillojn\u00eb q\u00eb un\u00eb t\u00eb jem i pranish\u00ebm n\u00eb sall\u00ebn e gjyqit, do t\u00eb shkoj pa asnj\u00eb hezitim"},"content":{"rendered":"<p>Kryetari i PD, Sali Berisha i \u00ebsht\u00eb p\u00ebrgjigjur gazetar\u00ebve n\u00eb lidhje me fillimin e procesit gjyq\u00ebsor p\u00ebr dosjen \u201cPartizani\u201d dhe pjes\u00ebmarrjes s\u00eb tij n\u00eb seanc\u00eb. Ai tha se, un\u00eb do t\u00eb veproj n\u00eb p\u00ebrputhje me k\u00ebshillat e avoket\u00ebve.<\/p>\n<p>\u201cTani, e kishe k\u00ebtu zotin Genc Gjokutaj dhe un\u00eb nuk e kam zakon t\u00eb flas n\u00eb em\u00ebr t\u00eb avoket\u00ebrve t\u00eb mi. Prandaj mund\u00ebsisht \u00e7\u2019t\u00eb jet\u00eb pyetje p\u00ebr avokatin, t\u00eb ja drejtoni avokatit.<\/p>\n<p>Kurse un\u00eb do t\u00eb veproj n\u00eb p\u00ebrputhje me k\u00ebshillat e avoket\u00ebve. Ky \u00ebsht\u00eb q\u00ebndrimi im&#8230;<\/p>\n<p>&#8230; Kur avoket\u00ebrit t\u00eb m\u00eb k\u00ebshillojn\u00eb q\u00eb un\u00eb t\u00eb jem i pranish\u00ebm n\u00eb sall\u00ebn e gjyqit, do t\u00eb shkoj pa asnj\u00eb hezitim. Por ka nj\u00eb radh\u00eb atje, ka nj\u00eb radh\u00eb pune dhe jan\u00eb gjith\u00eb ato dhe ata kur e gjykojn\u00eb t\u00eb arsyeshme un\u00eb do t\u00eb shkoj\u201d, tha Berisha.<\/p>\n","protected":false},"excerpt":{"rendered":"<p>Kryetari i PD, Sali Berisha i \u00ebsht\u00eb p\u00ebrgjigjur gazetar\u00ebve n\u00eb lidhje me fillimin e procesit gjyq\u00ebsor p\u00ebr dosjen \u201cPartizani\u201d dhe pjes\u00ebmarrjes s\u00eb tij n\u00eb seanc\u00eb. Ai tha se, un\u00eb do t\u00eb veproj n\u00eb p\u00ebrputhje me k\u00ebshillat e avoket\u00ebve. \u201cTani, e kishe k\u00ebtu zotin Genc Gjokutaj dhe un\u00eb nuk e kam zakon t\u00eb flas n\u00eb em\u00ebr &hellip;<\/p>\n","protected":false},"author":4,"featured_media":123220,"comment_status":"closed","ping_status":"closed","sticky":false,"template":"","format":"standard","meta":{"footnotes":""},"categories":[37],"tags":[],"class_list":["post-123236","post","type-post","status-publish","format-standard","has-post-thumbnail","","category-politike"],"_links":{"self":[{"href":"https:\/\/rdnews.al\/index.php\/wp-json\/wp\/v2\/posts\/123236","targetHints":{"allow":["GET"]}}],"collection":[{"href":"https:\/\/rdnews.al\/index.php\/wp-json\/wp\/v2\/posts"}],"about":[{"href":"https:\/\/rdnews.al\/index.php\/wp-json\/wp\/v2\/types\/post"}],"author":[{"embeddable":true,"href":"https:\/\/rdnews.al\/index.php\/wp-json\/wp\/v2\/users\/4"}],"replies":[{"embeddable":true,"href":"https:\/\/rdnews.al\/index.php\/wp-json\/wp\/v2\/comments?post=123236"}],"version-history":[{"count":1,"href":"https:\/\/rdnews.al\/index.php\/wp-json\/wp\/v2\/posts\/123236\/revisions"}],"predecessor-version":[{"id":123237,"href":"https:\/\/rdnews.al\/index.php\/wp-json\/wp\/v2\/posts\/123236\/revisions\/123237"}],"wp:featuredmedia":[{"embeddable":true,"href":"https:\/\/rdnews.al\/index.php\/wp-json\/wp\/v2\/media\/123220"}],"wp:attachment":[{"href":"https:\/\/rdnews.al\/index.php\/wp-json\/wp\/v2\/media?parent=123236"}],"wp:term":[{"taxonomy":"category","embeddable":true,"href":"https:\/\/rdnews.al\/index.php\/wp-json\/wp\/v2\/categories?post=123236"},{"taxonomy":"post_tag","embeddable":true,"href":"https:\/\/rdnews.al\/index.php\/wp-json\/wp\/v2\/tags?post=123236"}],"curies":[{"name":"wp","href":"https:\/\/api.w.org\/{rel}","templated":true}]}}