{"id":123238,"date":"2025-09-15T09:18:45","date_gmt":"2025-09-15T09:18:45","guid":{"rendered":"https:\/\/rdnews.al\/?p=123238"},"modified":"2025-09-15T09:19:34","modified_gmt":"2025-09-15T09:19:34","slug":"berisha-pucisti-altin-troplini-mori-pergjigjen-e-merituar-mandati-i-tij-perfundoi","status":"publish","type":"post","link":"https:\/\/rdnews.al\/index.php\/2025\/09\/15\/berisha-pucisti-altin-troplini-mori-pergjigjen-e-merituar-mandati-i-tij-perfundoi\/","title":{"rendered":"Berisha: Pu\u00e7isti Altin \u201cTroplini\u201d mori p\u00ebrgjigjen e merituar, mandati i tij p\u00ebrfundoi!"},"content":{"rendered":"<p>Lideri i opozit\u00ebs, Sali Berisha reagoi edhe p\u00ebr p\u00ebrfundimin e mandatit t\u00eb kreut t\u00eb SPAK, Altin Dumani, duke e quajtur at\u00eb pu\u00e7ist dhe duke deklaruar se \u2018mori p\u00ebrgjigjen q\u00eb meritonte\u2019.<\/p>\n<p>Nga SPAK, Berisha u shpreh se p\u00ebrfundimi i mandatit t\u00eb Troplinit sh\u00ebnon fundin e nj\u00eb p\u00ebrpjekjeje p\u00ebr t\u00eb \u2018p\u00ebrdhosur Kushtetut\u00ebn\u2019 dhe p\u00ebr t\u00eb mbrojtur interesa politike.<\/p>\n<p>\u201cKa ndodhur se pu\u00e7isti Altin Troplini mori p\u00ebrgjigjen e merituar. Mandati yt mbaroi, p\u00ebrfundoi. Lajmi kryesor ishte, mandati yt p\u00ebrfundoi edhe hi\u00e7 dor\u00eb nga \u00e7do p\u00ebrpjekje p\u00ebr t\u00eb zgjatur, p\u00ebr t\u00eb p\u00ebrdhosur kushtetut\u00ebn.<\/p>\n<p>Tani m\u00eb thuaj mua, t\u00eb gjith\u00eb ata aty, un\u00eb nuk di ndonj\u00ebrin q\u00eb nuk \u00ebsht\u00eb em\u00ebruar nga Edi Rama dhe pseudomazhoranca e tij, por si\u00e7 e shpjegova nga burime absolutisht m\u00eb t\u00eb af\u00ebrta me Erion Veliajn, rezulton se Edi Rama i ka k\u00ebrkuar Erion Veliajt, n\u00eb koh\u00ebn e zgjedhjes s\u00eb kryetarit t\u00eb punoj\u00eb p\u00ebr Kondilin dhe ai \u00ebsht\u00eb angazhuar me t\u00eb gjitha forcat.<\/p>\n<p>T\u00eb nj\u00ebjt\u00ebn gj\u00eb i ka k\u00ebrkuar edhe Lubi Ballukut, edhe ajo \u00ebsht\u00eb angazhuar me gjith\u00eb forc\u00ebn. Por \u00e7far\u00eb ka ndodhur? Nj\u00eb nga t\u00eb huajt me t\u00eb cil\u00ebt Edi Rama bashk\u00ebpunonte ngusht\u00ebsisht p\u00ebr t\u00eb nxjerr\u00eb Dumanin, i thot\u00eb; po ti Erion nuk je dakord me Ram\u00ebn q\u00eb b\u00ebn lobing p\u00ebr Kondilin, Erioni ngelet pa mend, por si llosh q\u00eb ishte, ngeli dhe u kthyer e tha, jo punoj p\u00ebr k\u00ebt\u00eb tani un\u00eb.<\/p>\n<p>Pra kjo \u00ebsht\u00eb e v\u00ebrteta e zgjedhjes s\u00eb Dumanit. \u00cbsht\u00eb zgjedh\u00eb me nj\u00eb dinak\u00ebri t\u00eb Edi Ram\u00ebs, duke hequr shanset e t\u00eb gjith\u00eb t\u00eb tjer\u00ebve dhe duke punuar me gjith\u00eb forc\u00ebn gjoja p\u00ebr Kondilin, n\u00eb nj\u00eb koh\u00eb kur ky faktikisht punonte me t\u00eb huajt dhe t\u00eb huajve u kishte th\u00ebn\u00eb se, kandidati im \u00ebsht\u00eb Dumani.<\/p>\n<p>Dhe mund\u00ebsisht shko e pyete Erion Veliajn n\u00eb burg, \u00e7far\u00eb po t\u00eb thot\u00eb\u201d, tha Berisha.<\/p>\n","protected":false},"excerpt":{"rendered":"<p>Lideri i opozit\u00ebs, Sali Berisha reagoi edhe p\u00ebr p\u00ebrfundimin e mandatit t\u00eb kreut t\u00eb SPAK, Altin Dumani, duke e quajtur at\u00eb pu\u00e7ist dhe duke deklaruar se \u2018mori p\u00ebrgjigjen q\u00eb meritonte\u2019. Nga SPAK, Berisha u shpreh se p\u00ebrfundimi i mandatit t\u00eb Troplinit sh\u00ebnon fundin e nj\u00eb p\u00ebrpjekjeje p\u00ebr t\u00eb \u2018p\u00ebrdhosur Kushtetut\u00ebn\u2019 dhe p\u00ebr t\u00eb mbrojtur interesa &hellip;<\/p>\n","protected":false},"author":4,"featured_media":69675,"comment_status":"closed","ping_status":"closed","sticky":false,"template":"","format":"standard","meta":{"footnotes":""},"categories":[37],"tags":[],"class_list":["post-123238","post","type-post","status-publish","format-standard","has-post-thumbnail","","category-politike"],"_links":{"self":[{"href":"https:\/\/rdnews.al\/index.php\/wp-json\/wp\/v2\/posts\/123238","targetHints":{"allow":["GET"]}}],"collection":[{"href":"https:\/\/rdnews.al\/index.php\/wp-json\/wp\/v2\/posts"}],"about":[{"href":"https:\/\/rdnews.al\/index.php\/wp-json\/wp\/v2\/types\/post"}],"author":[{"embeddable":true,"href":"https:\/\/rdnews.al\/index.php\/wp-json\/wp\/v2\/users\/4"}],"replies":[{"embeddable":true,"href":"https:\/\/rdnews.al\/index.php\/wp-json\/wp\/v2\/comments?post=123238"}],"version-history":[{"count":2,"href":"https:\/\/rdnews.al\/index.php\/wp-json\/wp\/v2\/posts\/123238\/revisions"}],"predecessor-version":[{"id":123240,"href":"https:\/\/rdnews.al\/index.php\/wp-json\/wp\/v2\/posts\/123238\/revisions\/123240"}],"wp:featuredmedia":[{"embeddable":true,"href":"https:\/\/rdnews.al\/index.php\/wp-json\/wp\/v2\/media\/69675"}],"wp:attachment":[{"href":"https:\/\/rdnews.al\/index.php\/wp-json\/wp\/v2\/media?parent=123238"}],"wp:term":[{"taxonomy":"category","embeddable":true,"href":"https:\/\/rdnews.al\/index.php\/wp-json\/wp\/v2\/categories?post=123238"},{"taxonomy":"post_tag","embeddable":true,"href":"https:\/\/rdnews.al\/index.php\/wp-json\/wp\/v2\/tags?post=123238"}],"curies":[{"name":"wp","href":"https:\/\/api.w.org\/{rel}","templated":true}]}}