{"id":123241,"date":"2025-09-15T09:22:36","date_gmt":"2025-09-15T09:22:36","guid":{"rendered":"https:\/\/rdnews.al\/?p=123241"},"modified":"2025-09-15T09:22:54","modified_gmt":"2025-09-15T09:22:54","slug":"berisha-keta-jane-te-gjithe-te-emeruarit-e-edi-rames-ai-do-perzgjedhe-ate-qe-i-garanton-qe-te-mos-e-preke-ate-dhe-olsin","status":"publish","type":"post","link":"https:\/\/rdnews.al\/index.php\/2025\/09\/15\/berisha-keta-jane-te-gjithe-te-emeruarit-e-edi-rames-ai-do-perzgjedhe-ate-qe-i-garanton-qe-te-mos-e-preke-ate-dhe-olsin\/","title":{"rendered":"K\u00ebta jan\u00eb t\u00eb gjith\u00eb t\u00eb em\u00ebruarit e Edi Ram\u00ebs, ai do p\u00ebrzgjedh\u00eb at\u00eb q\u00eb i garanton q\u00eb t\u00eb mos e prek\u00eb at\u00eb dhe Olsin"},"content":{"rendered":"<p>Kryetari i PD, Sali Berisha u shpreh para SPAK se nd\u00ebrhyrja e kryeministrit Edi Rama n\u00eb em\u00ebrimet ky\u00e7e \u00ebsht\u00eb e garantuar dhe jasht\u00eb \u00e7do mund\u00ebsie p\u00ebr t\u2019u shmangur.<\/p>\n<p>Ai tha se t\u00eb gjith\u00eb em\u00ebruarit jan\u00eb n\u00ebn kontrollin e Ram\u00ebs, duke p\u00ebrmendur rastin e Altin Troplinit dhe Olsi Ram\u00ebs, si dhe episodin me Mar\u00ebn dhe regjistrimet e Geron Me\u00e7es, t\u00eb cilat nuk u shkat\u00ebrruan p\u00ebr shkak t\u00eb ekzistenc\u00ebs s\u00eb kopjeve t\u00eb tjera.<\/p>\n<p>\u201cA mund ta imagjinosh ti q\u00eb Edi Rama t\u00eb mos nd\u00ebrhyj\u00eb, por kjo \u00ebsht\u00eb jasht\u00eb \u00e7do lloj imagjinate. K\u00ebta jan\u00eb t\u00eb gjith\u00eb t\u00eb em\u00ebruarit e Edi Ram\u00ebs, ai do p\u00ebrzgjedh\u00eb at\u00eb q\u00eb i garanton, si\u00e7 garantoi Altin Troplini se Olsi nuk \u00ebsht\u00eb personi i panjohur.<\/p>\n<p>Ai e urdh\u00ebroi at\u00eb Mar\u00ebn ti digjte, por Mara nuk i dogji n\u00eb fakt ato regjistrimet e Geron Me\u00e7es, se i than\u00eb se, ekzistojn\u00eb dhe gjetiu.<\/p>\n<p>Pra nuk ka diskutim q\u00eb Edi Rama me at\u00eb pun\u00eb do merret. Uluziu me at\u00eb pun\u00eb do merret, por ata e din\u00eb ku shkojn\u00eb. As mos t\u00eb keni iluzionin m\u00eb t\u00eb vog\u00ebl se, mund t\u00eb ket\u00eb nj\u00eb zgjidhje tjet\u00ebr, jasht\u00eb vullnetit absolut.<\/p>\n<p>Opozita nuk ka asnj\u00eb lidhje as me zgjedhjen, as mos zgjedhjen\u201d, tha Berisha.<\/p>\n","protected":false},"excerpt":{"rendered":"<p>Kryetari i PD, Sali Berisha u shpreh para SPAK se nd\u00ebrhyrja e kryeministrit Edi Rama n\u00eb em\u00ebrimet ky\u00e7e \u00ebsht\u00eb e garantuar dhe jasht\u00eb \u00e7do mund\u00ebsie p\u00ebr t\u2019u shmangur. Ai tha se t\u00eb gjith\u00eb em\u00ebruarit jan\u00eb n\u00ebn kontrollin e Ram\u00ebs, duke p\u00ebrmendur rastin e Altin Troplinit dhe Olsi Ram\u00ebs, si dhe episodin me Mar\u00ebn dhe regjistrimet &hellip;<\/p>\n","protected":false},"author":4,"featured_media":123226,"comment_status":"closed","ping_status":"closed","sticky":false,"template":"","format":"standard","meta":{"footnotes":""},"categories":[37],"tags":[],"class_list":["post-123241","post","type-post","status-publish","format-standard","has-post-thumbnail","","category-politike"],"_links":{"self":[{"href":"https:\/\/rdnews.al\/index.php\/wp-json\/wp\/v2\/posts\/123241","targetHints":{"allow":["GET"]}}],"collection":[{"href":"https:\/\/rdnews.al\/index.php\/wp-json\/wp\/v2\/posts"}],"about":[{"href":"https:\/\/rdnews.al\/index.php\/wp-json\/wp\/v2\/types\/post"}],"author":[{"embeddable":true,"href":"https:\/\/rdnews.al\/index.php\/wp-json\/wp\/v2\/users\/4"}],"replies":[{"embeddable":true,"href":"https:\/\/rdnews.al\/index.php\/wp-json\/wp\/v2\/comments?post=123241"}],"version-history":[{"count":2,"href":"https:\/\/rdnews.al\/index.php\/wp-json\/wp\/v2\/posts\/123241\/revisions"}],"predecessor-version":[{"id":123243,"href":"https:\/\/rdnews.al\/index.php\/wp-json\/wp\/v2\/posts\/123241\/revisions\/123243"}],"wp:featuredmedia":[{"embeddable":true,"href":"https:\/\/rdnews.al\/index.php\/wp-json\/wp\/v2\/media\/123226"}],"wp:attachment":[{"href":"https:\/\/rdnews.al\/index.php\/wp-json\/wp\/v2\/media?parent=123241"}],"wp:term":[{"taxonomy":"category","embeddable":true,"href":"https:\/\/rdnews.al\/index.php\/wp-json\/wp\/v2\/categories?post=123241"},{"taxonomy":"post_tag","embeddable":true,"href":"https:\/\/rdnews.al\/index.php\/wp-json\/wp\/v2\/tags?post=123241"}],"curies":[{"name":"wp","href":"https:\/\/api.w.org\/{rel}","templated":true}]}}