{"id":123244,"date":"2025-09-15T09:27:45","date_gmt":"2025-09-15T09:27:45","guid":{"rendered":"https:\/\/rdnews.al\/?p=123244"},"modified":"2025-09-15T09:27:45","modified_gmt":"2025-09-15T09:27:45","slug":"berisha-ndryshimi-i-qendrimit-te-administrates-se-re-ne-shba-rrit-shpresen-se-ketu-mund-te-luftohet-krimi-dhe-kartelet","status":"publish","type":"post","link":"https:\/\/rdnews.al\/index.php\/2025\/09\/15\/berisha-ndryshimi-i-qendrimit-te-administrates-se-re-ne-shba-rrit-shpresen-se-ketu-mund-te-luftohet-krimi-dhe-kartelet\/","title":{"rendered":"Berisha: Ndryshimi i q\u00ebndrimit t\u00eb administrat\u00ebs s\u00eb re n\u00eb SHBA, rrit shpres\u00ebn se k\u00ebtu mund t\u00eb luftohet krimi dhe kartelet"},"content":{"rendered":"<p>Lideri i opozit\u00ebs, Sali Berisha p\u00ebs\u00ebriti edhe nj\u00eb her\u00eb p\u00ebr q\u00ebndrimin e DASH n\u00eb lidhje me mendatin e kreut t\u00eb SPAK. Berisha tha se, ndryshimi i q\u00ebndrimit t\u00eb administrat\u00ebs s\u00eb re n\u00eb SHBA, rrit shpres\u00ebn se k\u00ebtu mund t\u00eb luftohet krimi dhe kartelet\u2019, theksoi Berisha para gazetar\u00ebve.<\/p>\n<p>Berisha: Besoj se ti e di, q\u00eb ka pasur nj\u00eb q\u00ebndrim zyrtar tjet\u00ebr 8 muaj m\u00eb par\u00eb.<\/p>\n<p>Ka patur nj\u00eb q\u00ebndrim krejt\u00ebsisht tjet\u00ebr zyrtar dhe kjo \u00ebsht\u00eb me dometh\u00ebnie t\u00eb madhe, shum\u00eb t\u00eb madhe.<\/p>\n<p>Pra p\u00ebrgjigja ime \u00ebsht\u00eb kjo; ky ndryshim i administrat\u00ebs s\u00eb re \u00ebsht\u00eb nj\u00eb ndryshim i cili rrit shpres\u00ebn se k\u00ebtu mund t\u00eb luftohet krimi dhe kartelet&#8230;<\/p>\n<p>&#8230; P\u00ebr t\u00eb vdekurit ose fol mir\u00eb ose mos fol m\u00eb. Profesionalisht po them, kaq ishte p\u00ebrgjigja ime.<\/p>\n<p>Mirupafshim!<\/p>\n","protected":false},"excerpt":{"rendered":"<p>Lideri i opozit\u00ebs, Sali Berisha p\u00ebs\u00ebriti edhe nj\u00eb her\u00eb p\u00ebr q\u00ebndrimin e DASH n\u00eb lidhje me mendatin e kreut t\u00eb SPAK. Berisha tha se, ndryshimi i q\u00ebndrimit t\u00eb administrat\u00ebs s\u00eb re n\u00eb SHBA, rrit shpres\u00ebn se k\u00ebtu mund t\u00eb luftohet krimi dhe kartelet\u2019, theksoi Berisha para gazetar\u00ebve. Berisha: Besoj se ti e di, q\u00eb ka &hellip;<\/p>\n","protected":false},"author":4,"featured_media":123223,"comment_status":"closed","ping_status":"closed","sticky":false,"template":"","format":"standard","meta":{"footnotes":""},"categories":[37],"tags":[],"class_list":["post-123244","post","type-post","status-publish","format-standard","has-post-thumbnail","","category-politike"],"_links":{"self":[{"href":"https:\/\/rdnews.al\/index.php\/wp-json\/wp\/v2\/posts\/123244","targetHints":{"allow":["GET"]}}],"collection":[{"href":"https:\/\/rdnews.al\/index.php\/wp-json\/wp\/v2\/posts"}],"about":[{"href":"https:\/\/rdnews.al\/index.php\/wp-json\/wp\/v2\/types\/post"}],"author":[{"embeddable":true,"href":"https:\/\/rdnews.al\/index.php\/wp-json\/wp\/v2\/users\/4"}],"replies":[{"embeddable":true,"href":"https:\/\/rdnews.al\/index.php\/wp-json\/wp\/v2\/comments?post=123244"}],"version-history":[{"count":1,"href":"https:\/\/rdnews.al\/index.php\/wp-json\/wp\/v2\/posts\/123244\/revisions"}],"predecessor-version":[{"id":123245,"href":"https:\/\/rdnews.al\/index.php\/wp-json\/wp\/v2\/posts\/123244\/revisions\/123245"}],"wp:featuredmedia":[{"embeddable":true,"href":"https:\/\/rdnews.al\/index.php\/wp-json\/wp\/v2\/media\/123223"}],"wp:attachment":[{"href":"https:\/\/rdnews.al\/index.php\/wp-json\/wp\/v2\/media?parent=123244"}],"wp:term":[{"taxonomy":"category","embeddable":true,"href":"https:\/\/rdnews.al\/index.php\/wp-json\/wp\/v2\/categories?post=123244"},{"taxonomy":"post_tag","embeddable":true,"href":"https:\/\/rdnews.al\/index.php\/wp-json\/wp\/v2\/tags?post=123244"}],"curies":[{"name":"wp","href":"https:\/\/api.w.org\/{rel}","templated":true}]}}