{"id":123248,"date":"2025-09-15T10:05:51","date_gmt":"2025-09-15T10:05:51","guid":{"rendered":"https:\/\/rdnews.al\/?p=123248"},"modified":"2025-09-15T10:07:16","modified_gmt":"2025-09-15T10:07:16","slug":"berberi-rama-dhe-sako-ne-emer-te-trashegimise-kulturore-shkaterrojne-pa-njoftim-pronat-e-qytetareve-dhe-shesin-durresin-tek-oligarket-e-pushtetit","status":"publish","type":"post","link":"https:\/\/rdnews.al\/index.php\/2025\/09\/15\/berberi-rama-dhe-sako-ne-emer-te-trashegimise-kulturore-shkaterrojne-pa-njoftim-pronat-e-qytetareve-dhe-shesin-durresin-tek-oligarket-e-pushtetit\/","title":{"rendered":"Berberi: Rama dhe Sako shkat\u00ebrrojn\u00eb pa njoftim pronat e qytetar\u00ebve dhe shesin Durr\u00ebsin tek oligark\u00ebt e pushtetit!"},"content":{"rendered":"<p><strong>DEKLARATA E AN\u00cbTARIT T\u00cb KRYESIS\u00cb S\u00cb FRPD, OREST BERBERI<\/strong><\/p>\n<p>T\u00eb nderuar qytetar\u00eb,<br \/>\nSot nga selia e Partis\u00eb Demokratike dua t\u00eb denoncoj nj\u00eb tjet\u00ebr padrejt\u00ebsi t\u00eb r\u00ebnd\u00eb q\u00eb po i b\u00ebhet qytetar\u00ebve t\u00eb Durr\u00ebsit.<br \/>\nN\u00eb em\u00ebr t\u00eb projektit t\u00eb ashtuquajtur TID Durr\u00ebs, po kryhen shpron\u00ebsime t\u00eb padrejta, selektive dhe abuzive.<\/p>\n<p>Qytetar\u00ebve t\u00eb thjesht\u00eb u prishet prona, nd\u00ebrsa p\u00ebr individ\u00ebt e fort\u00eb t\u00eb mazhoranc\u00ebs \u201cng\u00ebr\u00e7et ligjore\u201d shp\u00ebtojn\u00eb pronat e tyre nga shembja!<\/p>\n<p>S\u00eb pari, qytetar\u00ebve po u ofrohen \u00e7mime shpron\u00ebsimi dy her\u00eb m\u00eb t\u00eb ul\u00ebta se tregu. Ky nuk \u00ebsht\u00eb kompensim, por grabitje me firm\u00eb dhe vul\u00eb shteti.<br \/>\nS\u00eb dyti, procesi po kryhet pa njoftime dhe pa asnj\u00eb shkres\u00eb zyrtare. Banor\u00ebt nuk kan\u00eb asnj\u00eb transparenc\u00eb dhe asnj\u00eb mund\u00ebsi ligjore p\u00ebr t\u2019u mbrojtur.<br \/>\nS\u00eb treti, kemi t\u00eb b\u00ebjm\u00eb me nj\u00eb proces selektiv dhe arbitrar, ku disa prona prishen dhe disa t\u00eb tjera jo, sipas interesave klienteliste dhe jo sipas ligjit.<\/p>\n<p>Dhe m\u00eb e r\u00ebnda, \u00ebsht\u00eb hipokrizia e k\u00ebtij projekti: nd\u00ebrkoh\u00eb q\u00eb qytetar\u00ebve u shkat\u00ebrrohen pronat n\u00eb em\u00ebr t\u00eb \u201ctrash\u00ebgimis\u00eb kulturore\u201d, vet\u00ebm pak metra m\u00eb tutje ngrihen kulla shum\u00ebkat\u00ebshe t\u00eb betonit. Pra, trash\u00ebgimia sh\u00ebrben si justifikim p\u00ebr t\u00eb d\u00ebmtuar qytetar\u00ebt, nd\u00ebrsa p\u00ebr klientel\u00ebn e pushtetit hapet rruga e kullave.<\/p>\n<p>P\u00ebrgjegj\u00ebs p\u00ebr k\u00ebt\u00eb grabitje \u00ebsht\u00eb vet\u00ebm nj\u00eb: Kryeministri Edi Rama, i cili me k\u00ebt\u00eb projekt po shet Durr\u00ebsin tek klient\u00ebt e tij. Zbatuesja lokale e k\u00ebtyre urdhrave \u00ebsht\u00eb kryetarja e Bashkis\u00eb, Emiriana Sako, e cila ka zgjedhur t\u00eb hesht\u00eb dhe t\u00eb b\u00ebhet pjes\u00eb e k\u00ebsaj afere kund\u00ebr qytetar\u00ebve.<\/p>\n<p>K\u00ebrkesa urgjente ndaj qeveris\u00eb dhe bashkis\u00eb \u00ebsht\u00eb:<br \/>\n\u2022 T\u00eb ndalojn\u00eb menj\u00ebher\u00eb k\u00ebt\u00eb proces t\u00eb paligjsh\u00ebm;<br \/>\n\u2022 T\u00eb rishikojn\u00eb vlerat e shpron\u00ebsimeve sipas tregut real;<br \/>\n\u2022 T\u00eb japin transparenc\u00eb t\u00eb plot\u00eb p\u00ebr \u00e7do vendim;<br \/>\n\u2022 Dhe t\u00eb ndalojn\u00eb selektivitetin dhe klientelizmin q\u00eb po shkat\u00ebrrojn\u00eb qytetin.<\/p>\n<p>Durr\u00ebsi nuk \u00ebsht\u00eb pron\u00eb e Edi Ram\u00ebs dhe as e Emiriana Sakos. Durr\u00ebsi \u00ebsht\u00eb i qytetar\u00ebve t\u00eb tij dhe ne nuk do t\u00eb lejojm\u00eb q\u00eb t\u00eb shitet p\u00ebr interesa private.<\/p>\n","protected":false},"excerpt":{"rendered":"<p>DEKLARATA E AN\u00cbTARIT T\u00cb KRYESIS\u00cb S\u00cb FRPD, OREST BERBERI T\u00eb nderuar qytetar\u00eb, Sot nga selia e Partis\u00eb Demokratike dua t\u00eb denoncoj nj\u00eb tjet\u00ebr padrejt\u00ebsi t\u00eb r\u00ebnd\u00eb q\u00eb po i b\u00ebhet qytetar\u00ebve t\u00eb Durr\u00ebsit. N\u00eb em\u00ebr t\u00eb projektit t\u00eb ashtuquajtur TID Durr\u00ebs, po kryhen shpron\u00ebsime t\u00eb padrejta, selektive dhe abuzive. Qytetar\u00ebve t\u00eb thjesht\u00eb u prishet prona, &hellip;<\/p>\n","protected":false},"author":4,"featured_media":123249,"comment_status":"closed","ping_status":"closed","sticky":false,"template":"","format":"standard","meta":{"footnotes":""},"categories":[37],"tags":[],"class_list":["post-123248","post","type-post","status-publish","format-standard","has-post-thumbnail","","category-politike"],"_links":{"self":[{"href":"https:\/\/rdnews.al\/index.php\/wp-json\/wp\/v2\/posts\/123248","targetHints":{"allow":["GET"]}}],"collection":[{"href":"https:\/\/rdnews.al\/index.php\/wp-json\/wp\/v2\/posts"}],"about":[{"href":"https:\/\/rdnews.al\/index.php\/wp-json\/wp\/v2\/types\/post"}],"author":[{"embeddable":true,"href":"https:\/\/rdnews.al\/index.php\/wp-json\/wp\/v2\/users\/4"}],"replies":[{"embeddable":true,"href":"https:\/\/rdnews.al\/index.php\/wp-json\/wp\/v2\/comments?post=123248"}],"version-history":[{"count":3,"href":"https:\/\/rdnews.al\/index.php\/wp-json\/wp\/v2\/posts\/123248\/revisions"}],"predecessor-version":[{"id":123252,"href":"https:\/\/rdnews.al\/index.php\/wp-json\/wp\/v2\/posts\/123248\/revisions\/123252"}],"wp:featuredmedia":[{"embeddable":true,"href":"https:\/\/rdnews.al\/index.php\/wp-json\/wp\/v2\/media\/123249"}],"wp:attachment":[{"href":"https:\/\/rdnews.al\/index.php\/wp-json\/wp\/v2\/media?parent=123248"}],"wp:term":[{"taxonomy":"category","embeddable":true,"href":"https:\/\/rdnews.al\/index.php\/wp-json\/wp\/v2\/categories?post=123248"},{"taxonomy":"post_tag","embeddable":true,"href":"https:\/\/rdnews.al\/index.php\/wp-json\/wp\/v2\/tags?post=123248"}],"curies":[{"name":"wp","href":"https:\/\/api.w.org\/{rel}","templated":true}]}}