{"id":123255,"date":"2025-09-15T10:12:37","date_gmt":"2025-09-15T10:12:37","guid":{"rendered":"https:\/\/rdnews.al\/?p=123255"},"modified":"2025-09-15T10:12:37","modified_gmt":"2025-09-15T10:12:37","slug":"15-shtatori-dita-nderkombetare-e-demokracise","status":"publish","type":"post","link":"https:\/\/rdnews.al\/index.php\/2025\/09\/15\/15-shtatori-dita-nderkombetare-e-demokracise\/","title":{"rendered":"15 shtatori- Dita Nd\u00ebrkomb\u00ebtare e Demokracis\u00eb!"},"content":{"rendered":"<p><strong><em>Nga Bujar Leskaj<\/em><\/strong><\/p>\n<p>15 shtatori \u00ebsht\u00eb nj\u00eb dit\u00eb dhe dat\u00eb ceremoniale, vendosur nga Kombet e Bashkuara, si Dita Nd\u00ebrkomb\u00ebtare e Demokracis\u00eb.<\/p>\n<p>Sot, n\u00eb Dit\u00ebn Nd\u00ebrkomb\u00ebtare t\u00eb Demokracis\u00eb, kemi detyr\u00ebn dhe detyrimin t\u00eb kujtojm\u00eb me respekt dit\u00ebn ton\u00eb t\u00eb Demokracis\u00eb, 8 Dhjetorin, kemi p\u00ebr detyr\u00eb t\u00eb kujtojm\u00eb me respekt e p\u00ebrulje Student\u00ebt e Dhjetorit \u201990, e Shkurtit \u201991, t\u00eb cil\u00ebt me vetmohim, guxim, \u00ebndrra e idealiz\u00ebm luftuan p\u00ebr Demokracin\u00eb; duhet t\u00eb p\u00ebrulemi me respekt p\u00ebrpara D\u00ebshmor\u00ebve t\u00eb saj, Arben Broci, Azem Hajdari, etj; duhet t\u00eb p\u00ebrulemi me respekt p\u00ebrpara q\u00ebndrestar\u00ebve antikomunist\u00eb shqiptar\u00eb qe rezistuan ne burgjet e dikatatures per 50 vjet; p\u00ebrpara themeluesve t\u00eb Partis\u00eb Demokratike, zoterinjve Azem Hajdari,Aleksand\u00ebr Meksi, Sali Berisha, Gramoz Pashko, Pjet\u00ebr Arbnori, Arben Imami, Genc Ruli,Rexhep Uka,Ylli Vejsiu,Bamir Topi, Dashamir Shehi, Omer Stringa ,Afrim Jupi,Artan Hoxha,Ibrahim Vasjari,Alfred Zijai etj<\/p>\n<p>Partia Demokratike b\u00ebri ndryshimin n\u00eb Shqip\u00ebri, solli pluralizmin e Lirin\u00eb me mb\u00ebshtetjen e pakursyer n\u00eb gjith\u00eb k\u00ebto vite t\u00eb partnerit ton\u00eb strategjik, kampionit t\u00eb Demokracis\u00eb n\u00eb bot\u00eb, Shteteve t\u00eb Bashkuara t\u00eb Amerik\u00ebs.<\/p>\n<p>Por sot kjo dit\u00eb duket sikur e ka humbur simbolik\u00ebn dhe kuptimin e saj n\u00eb Shqip\u00ebri.<\/p>\n<p>Shqip\u00ebria sot ka nj\u00eb kufizim total t\u00eb demokracis\u00eb, sepse dominon modeli autoritarist. Sot, n\u00eb Shqip\u00ebri jo vet\u00ebm mohohet jeta e Demokracis\u00eb, fjala dhe ligj\u00ebrimi demokratik, por ngrihet n\u00eb kult sundimi m\u00eb antidemokratik duke na e imponuar k\u00ebt\u00eb sundim si model inspirues.<\/p>\n<p>Sot, pas tri dekadash \u201cdemokraci\u201d Shqip\u00ebria \u00ebsht\u00eb peng i korrupsionit, mentalitetit p\u00ebr\u00e7mues e kriminal, autoritarizmit t\u00eb sektit Rama, q\u00eb i ka mb\u00ebrthyer shqiptar\u00ebt p\u00ebr gryke, q\u00eb \u00ebsht\u00eb i paaft\u00eb t\u00eb ofroj\u00eb ndryshime pozitiviste e q\u00eb ka zhb\u00ebr\u00eb e zhb\u00ebn \u00e7do vler\u00eb demokratike.<\/p>\n<p>Ky sekt, Partia- shtet, ata q\u00eb duan m\u00eb shum\u00eb \u201cpartin\u00eb se Shqip\u00ebrin\u00eb\u201d kan\u00eb kapur gjith\u00e7ka, shtetin, pushtetin, ekonomin\u00eb, politik\u00ebn, drejtesine\u2026<\/p>\n<p>Ndaj Shqip\u00ebria e sotme, vazhdon t\u00eb jet\u00eb vend i ikjes masive t\u00eb popullit e i elitave intelektuale, i ikjes s\u00eb t\u00eb rinjve, i ikjes s\u00eb atyre q\u00eb kan\u00eb potencial ndryshimi t\u00eb v\u00ebrtet\u00eb, dhe nj\u00ebher\u00ebsh \u00ebsht\u00eb vendi ku pushteti kthehet kund\u00ebr e p\u00ebrball\u00eb qytetar\u00ebve dhe vlerat jan\u00eb krejt t\u00eb p\u00ebrmbysura.<\/p>\n<p>Sot, n\u00eb Dit\u00ebn Nd\u00ebrkomb\u00ebtare t\u00eb Demokracis\u00eb, duhet t\u00eb reflektojm\u00eb p\u00ebrpara s\u00eb gjithash tek vetja dhe t\u00eb kuptojm\u00eb q\u00eb Demokracia nuk \u00ebsht\u00eb p\u00ebrjashtuese, por p\u00ebrbashkuese mbi baz\u00ebn e vlerave t\u00eb v\u00ebrteta.<\/p>\n<p>15 shtatori \u00ebsht\u00eb dit\u00eb dhe moment reflektimi t\u00eb thell\u00eb edhe p\u00ebr Partin\u00eb Demokratike, si shpres\u00eb e alternativ\u00eb reale p\u00ebr shqiptar\u00ebt.<\/p>\n<p>Partia Demokratike, e cila sot p\u00ebrfaq\u00ebson gjys\u00ebm milioni qytetar\u00eb shqiptar\u00eb q\u00eb kund\u00ebrshtojn\u00eb keqqeverisjen e regjimit &#8220;Rama&#8221;, p\u00ebrballet me nj\u00eb sfid\u00eb historike n\u00eb p\u00ebrballjen me nj\u00eb pushtet gjithnj\u00eb e m\u00eb autoritar. Ky regjim, i udh\u00ebhequr nga nj\u00eb autokrat q\u00eb \u00e7do dit\u00eb e m\u00eb shum\u00eb minon themelet e demokracis\u00eb, synon instalimin e nj\u00eb strukture t\u00eb mir\u00ebfillt\u00eb autoritare n\u00eb Shqip\u00ebri.<\/p>\n<p>P\u00ebr ta p\u00ebrmbushur k\u00ebt\u00eb mision madhor, Partia Demokratike duhet t\u00eb d\u00ebshmoj\u00eb se \u00ebsht\u00eb nj\u00eb alternativ\u00eb e besueshme duke u mb\u00ebshtetur fuqimisht n\u00eb dy parime themelore t\u00eb funksionimit demokratik: llogaridh\u00ebnien dhe transparenc\u00ebn. K\u00ebto parime duhet t\u00eb fillojn\u00eb s\u00eb pari brenda vet\u00eb strukturave t\u00eb saj drejtuese, si nj\u00eb shembull i qart\u00eb p\u00ebr qytetar\u00ebt shqiptar\u00eb se \u00e7far\u00eb do t\u00eb thot\u00eb t\u00eb jesh nj\u00eb parti v\u00ebrtet demokratike.<\/p>\n<p>Gjithashtu, Partia Demokratike duhet t\u2019i jap\u00eb prioritet alternativave dhe konkurrenc\u00ebs s\u00eb ndershme brenda strukturave t\u00eb saj. N\u00eb \u00e7do nivel t\u00eb drejtimit, duhet t\u00eb ket\u00eb kandidatura t\u00eb hapura dhe alternative si nj\u00eb garanci p\u00ebr rritjen, rinovimin dhe funksionimin demokratik t\u00eb brendsh\u00ebm.<\/p>\n<p>Sepse, n\u00eb fund t\u00eb fundit, ndryshimi \u00ebsht\u00eb jet\u00eb, ndryshimi \u00ebsht\u00eb progres.<\/p>\n<p>Prandaj, q\u00eb kjo dit\u00eb e Demokracis\u00eb t\u00eb ket\u00eb v\u00ebrtet kuptim e vler\u00eb duhet q\u00eb k\u00ebsaj dite t\u2019i japim kuptim duke p\u00ebrmbysur autoritarizmin dhe demokracin\u00eb kallpe!<\/p>\n<p>Duke sjell\u00eb ndryshimin e v\u00ebrtet\u00eb!<\/p>\n","protected":false},"excerpt":{"rendered":"<p>Nga Bujar Leskaj 15 shtatori \u00ebsht\u00eb nj\u00eb dit\u00eb dhe dat\u00eb ceremoniale, vendosur nga Kombet e Bashkuara, si Dita Nd\u00ebrkomb\u00ebtare e Demokracis\u00eb. Sot, n\u00eb Dit\u00ebn Nd\u00ebrkomb\u00ebtare t\u00eb Demokracis\u00eb, kemi detyr\u00ebn dhe detyrimin t\u00eb kujtojm\u00eb me respekt dit\u00ebn ton\u00eb t\u00eb Demokracis\u00eb, 8 Dhjetorin, kemi p\u00ebr detyr\u00eb t\u00eb kujtojm\u00eb me respekt e p\u00ebrulje Student\u00ebt e Dhjetorit \u201990, e &hellip;<\/p>\n","protected":false},"author":4,"featured_media":123256,"comment_status":"closed","ping_status":"closed","sticky":false,"template":"","format":"standard","meta":{"footnotes":""},"categories":[44],"tags":[],"class_list":["post-123255","post","type-post","status-publish","format-standard","has-post-thumbnail","","category-editorial"],"_links":{"self":[{"href":"https:\/\/rdnews.al\/index.php\/wp-json\/wp\/v2\/posts\/123255","targetHints":{"allow":["GET"]}}],"collection":[{"href":"https:\/\/rdnews.al\/index.php\/wp-json\/wp\/v2\/posts"}],"about":[{"href":"https:\/\/rdnews.al\/index.php\/wp-json\/wp\/v2\/types\/post"}],"author":[{"embeddable":true,"href":"https:\/\/rdnews.al\/index.php\/wp-json\/wp\/v2\/users\/4"}],"replies":[{"embeddable":true,"href":"https:\/\/rdnews.al\/index.php\/wp-json\/wp\/v2\/comments?post=123255"}],"version-history":[{"count":1,"href":"https:\/\/rdnews.al\/index.php\/wp-json\/wp\/v2\/posts\/123255\/revisions"}],"predecessor-version":[{"id":123257,"href":"https:\/\/rdnews.al\/index.php\/wp-json\/wp\/v2\/posts\/123255\/revisions\/123257"}],"wp:featuredmedia":[{"embeddable":true,"href":"https:\/\/rdnews.al\/index.php\/wp-json\/wp\/v2\/media\/123256"}],"wp:attachment":[{"href":"https:\/\/rdnews.al\/index.php\/wp-json\/wp\/v2\/media?parent=123255"}],"wp:term":[{"taxonomy":"category","embeddable":true,"href":"https:\/\/rdnews.al\/index.php\/wp-json\/wp\/v2\/categories?post=123255"},{"taxonomy":"post_tag","embeddable":true,"href":"https:\/\/rdnews.al\/index.php\/wp-json\/wp\/v2\/tags?post=123255"}],"curies":[{"name":"wp","href":"https:\/\/api.w.org\/{rel}","templated":true}]}}