{"id":123259,"date":"2025-09-15T11:02:28","date_gmt":"2025-09-15T11:02:28","guid":{"rendered":"https:\/\/rdnews.al\/?p=123259"},"modified":"2025-09-15T16:49:30","modified_gmt":"2025-09-15T16:49:30","slug":"dosja-partizani-avokati-i-malltezit-akuzat-jane-te-pabaza-kerkojme-pavlefshmeri-absolute-te-akteve","status":"publish","type":"post","link":"https:\/\/rdnews.al\/index.php\/2025\/09\/15\/dosja-partizani-avokati-i-malltezit-akuzat-jane-te-pabaza-kerkojme-pavlefshmeri-absolute-te-akteve\/","title":{"rendered":"Dosja \u201cPartizani\u201d\/ Avokati i Malltezit: Akuzat jan\u00eb t\u00eb pabaza! K\u00ebrkojm\u00eb pavlefshm\u00ebri absolute t\u00eb akteve"},"content":{"rendered":"<p>Avokati mbrojt\u00ebs i Jamarb\u00ebr Malltezit ka k\u00ebrkuar n\u00eb seanc\u00ebn e sotme gjyq\u00ebsore p\u00ebr dosjen \u201cPartizani\u201d pavlefshm\u00ebri absolute t\u00eb t\u00eb gjitha akteve procedurale t\u00eb kryera gjat\u00eb faz\u00ebs hetimore, duke e konsideruar t\u00ebr\u00ebsisht t\u00eb pabazuar ligj\u00ebrisht akuz\u00ebn ndaj klientit t\u00eb tij.<\/p>\n<p>Avokati Klodian Sk\u00ebnderi ka k\u00ebrkuar shpalljen t\u00eb pavlefshme t\u00eb akteve t\u00eb hetimit duke i konsideruar si t\u00eb pabazuara n\u00eb ligj.<\/p>\n<p><em>\u201cNuk ka akuz\u00eb t\u00eb bazuar n\u00eb prova dhe n\u00eb ligj. K\u00ebrkojm\u00eb konstatim t\u00eb pavlefshm\u00ebris\u00eb absolute t\u00eb akteve t\u00eb hetimit paraprak t\u00eb gjyqtares Irena Gjoka\u201d,<\/em>\u00a0ka th\u00ebn\u00eb n\u00eb seanc\u00eb avokati Klodian Sk\u00ebnderi.<\/p>\n<p>Nd\u00ebrkoh\u00eb, Jamarb\u00ebr Malltezi gjat\u00eb seanc\u00ebs pati debate me gjyqtaren Elsa Ulliri, pasi akuzoi se kall\u00ebzimi i Taulant Ball\u00ebs p\u00ebr dosjen \u201cPartizani\u201d ishte i rrem\u00eb.<\/p>\n<p><strong>Malltezi<\/strong>: K\u00ebrkoj mediat n\u00eb sall\u00eb t\u00eb filmojn\u00eb t\u00eb gjith\u00eb procesin. N\u00eb Shqip\u00ebri vettingu u krye nga motra e Ballukut, nd\u00ebrsa kreu i ILD \u00ebsht\u00eb v\u00ebllai i ministres s\u00eb Ram\u00ebs. \u00cbsht\u00eb proces penal i stisur nga Taulant Balla. Kjo nuk \u00ebsht\u00eb shpifja e par\u00eb e Taulant Ball\u00ebs. Kall\u00ebzimi i z. Balla ishte duksh\u00ebm i rrem\u00eb. Aty jan\u00eb 30 falsifikime. Un\u00eb k\u00ebrkoj q\u00eb e gjith\u00eb aktakuza t\u00eb hidhet posht\u00eb dhe t\u00eb d\u00ebrgohen p\u00ebr ndjekje penale personat p\u00ebrgjegj\u00ebs.<\/p>\n<p>Edhe t\u00eb pandehurit e tjer\u00eb, Xhimi Begeja e\u00a0Andia Pustina\u00a0k\u00ebrkuan pavlefshm\u00ebri t\u00eb kateve, nd\u00ebrsa biznesmeni Fatmir Bektashi do t\u2019i paraqes\u00eb k\u00ebrkesat e tij n\u00eb seanc\u00ebn e radh\u00ebs, e cila do t\u00eb mbahet m\u00eb dat\u00eb 29 shtator ora 11:00.<\/p>\n<p>Pas daljes nga gjyqi p\u00ebr \u00e7\u00ebshtjen \u201cPartizani\u201d, Jamarb\u00ebr Malltezi ka deklaruar se \u00ebsht\u00eb\u00a0<em>\u201cviktim\u00eb e nj\u00eb lufte gjyq\u00ebsore t\u00eb koordinuar ndaj tij\u201d.<\/em><\/p>\n<p>Ai deklaroi se \u00ebsht\u00eb i vetmi person n\u00eb Shqip\u00ebri, ndaj t\u00eb cilit \u201c<em>n\u00eb t\u00eb nj\u00ebjt\u00ebn dit\u00eb jan\u00eb marr\u00eb masa p\u00ebr arrest, jan\u00eb kryer kontrolle dhe \u00ebsht\u00eb b\u00ebr\u00eb sekuestrimi i t\u00eb gjitha kompanive private q\u00eb zot\u00ebronte, si dhe t\u00eb pronave q\u00eb kishte n\u00eb bashk\u00ebpron\u00ebsi, pa asnj\u00eb justifikim t\u00eb qart\u00eb nga autoritetet\u201d<\/em>.<\/p>\n<p><em>\u201cAskush nuk ka shpjeguar lidhjen mes pronave t\u00eb mia dhe objektit t\u00eb hetimit t\u00eb Prokuroris\u00eb. Madje jan\u00eb sekuestruar edhe objekte t\u00eb para 22 viteve, kur ishim n\u00eb Kosov\u00eb dhe n\u00eb bashk\u00ebpron\u00ebsi,\u201d<\/em>\u00a0deklaroi Malltezi. Ai theksoi se veprimet e nd\u00ebrmarra ndaj tij tregojn\u00eb qart\u00eb se \u00ebsht\u00eb kthyer n\u00eb objekt sulmesh nga Partia Socialiste.<\/p>\n","protected":false},"excerpt":{"rendered":"<p>Avokati mbrojt\u00ebs i Jamarb\u00ebr Malltezit ka k\u00ebrkuar n\u00eb seanc\u00ebn e sotme gjyq\u00ebsore p\u00ebr dosjen \u201cPartizani\u201d pavlefshm\u00ebri absolute t\u00eb t\u00eb gjitha akteve procedurale t\u00eb kryera gjat\u00eb faz\u00ebs hetimore, duke e konsideruar t\u00ebr\u00ebsisht t\u00eb pabazuar ligj\u00ebrisht akuz\u00ebn ndaj klientit t\u00eb tij. Avokati Klodian Sk\u00ebnderi ka k\u00ebrkuar shpalljen t\u00eb pavlefshme t\u00eb akteve t\u00eb hetimit duke i konsideruar si &hellip;<\/p>\n","protected":false},"author":4,"featured_media":123316,"comment_status":"closed","ping_status":"closed","sticky":false,"template":"","format":"standard","meta":{"footnotes":""},"categories":[37],"tags":[],"class_list":["post-123259","post","type-post","status-publish","format-standard","has-post-thumbnail","","category-politike"],"_links":{"self":[{"href":"https:\/\/rdnews.al\/index.php\/wp-json\/wp\/v2\/posts\/123259","targetHints":{"allow":["GET"]}}],"collection":[{"href":"https:\/\/rdnews.al\/index.php\/wp-json\/wp\/v2\/posts"}],"about":[{"href":"https:\/\/rdnews.al\/index.php\/wp-json\/wp\/v2\/types\/post"}],"author":[{"embeddable":true,"href":"https:\/\/rdnews.al\/index.php\/wp-json\/wp\/v2\/users\/4"}],"replies":[{"embeddable":true,"href":"https:\/\/rdnews.al\/index.php\/wp-json\/wp\/v2\/comments?post=123259"}],"version-history":[{"count":3,"href":"https:\/\/rdnews.al\/index.php\/wp-json\/wp\/v2\/posts\/123259\/revisions"}],"predecessor-version":[{"id":123318,"href":"https:\/\/rdnews.al\/index.php\/wp-json\/wp\/v2\/posts\/123259\/revisions\/123318"}],"wp:featuredmedia":[{"embeddable":true,"href":"https:\/\/rdnews.al\/index.php\/wp-json\/wp\/v2\/media\/123316"}],"wp:attachment":[{"href":"https:\/\/rdnews.al\/index.php\/wp-json\/wp\/v2\/media?parent=123259"}],"wp:term":[{"taxonomy":"category","embeddable":true,"href":"https:\/\/rdnews.al\/index.php\/wp-json\/wp\/v2\/categories?post=123259"},{"taxonomy":"post_tag","embeddable":true,"href":"https:\/\/rdnews.al\/index.php\/wp-json\/wp\/v2\/tags?post=123259"}],"curies":[{"name":"wp","href":"https:\/\/api.w.org\/{rel}","templated":true}]}}