{"id":123279,"date":"2025-09-15T11:40:15","date_gmt":"2025-09-15T11:40:15","guid":{"rendered":"https:\/\/rdnews.al\/?p=123279"},"modified":"2025-09-15T12:26:33","modified_gmt":"2025-09-15T12:26:33","slug":"paga-31-mije-dollare-ne-muaj-ish-prokurori-kerkon-hetimin-e-soros-ne-shqiperi","status":"publish","type":"post","link":"https:\/\/rdnews.al\/index.php\/2025\/09\/15\/paga-31-mije-dollare-ne-muaj-ish-prokurori-kerkon-hetimin-e-soros-ne-shqiperi\/","title":{"rendered":"Paga 31 mij\u00eb dollar\u00eb n\u00eb muaj\/ Ish-Prokurori k\u00ebrkon hetimin e Soros n\u00eb Shqip\u00ebri"},"content":{"rendered":"<p>Ish-prokurori Ervin Karanxha thot\u00eb se fondacioni Soros ka marr\u00eb 9 milion\u00eb dollar\u00eb p\u00ebr t\u00eb b\u00ebr\u00eb reform\u00ebn n\u00eb drejt\u00ebsi n\u00eb Shqip\u00ebri.<\/p>\n<p>Nga studio e \u201cMCN Live\u201d, ai deklaroi se 6 an\u00ebtar\u00eb t\u00eb vetingut, kan\u00eb marr\u00eb paga nga fondacioni Soros dhe kan\u00eb lidhje direkte me t\u00eb.<\/p>\n<p>Dyshime ka p\u00ebr fondacionin, sepse k\u00ebto t\u00eb ardhura mund t\u00eb jen\u00eb p\u00ebrfituar n\u00eb interes t\u00eb tij, dhe n\u00eb Shqip\u00ebri do verifikohen bashk\u00ebpun\u00ebtor\u00ebt dhe roli i Soros n\u00eb reform\u00ebn n\u00eb drejt\u00ebsi.<\/p>\n<p>Por reforma n\u00eb drejt\u00ebsi ka shkat\u00ebrruar sistemin gjyq\u00ebsor. Sot nj\u00eb gjyq mbaron p\u00ebr 20 vjet, kemi shum\u00eb shuarje t\u00eb paraburgimit p\u00ebr shkak t\u00eb munges\u00ebs s\u00eb gjyqtar\u00ebve. Duhen par\u00eb se ku kan\u00eb shkuar parat\u00eb.<\/p>\n<p>An\u00ebtar\u00eb t\u00eb fondacionit Soros n\u00eb Shqip\u00ebri e kan\u00eb pasur 31 mij\u00eb dollar\u00eb rrog\u00ebn n\u00eb muaj n\u00eb Shqip\u00ebri.<\/p>\n<p>Me k\u00ebto para nuk \u00ebsht\u00eb b\u00ebr\u00eb ndonj\u00eb ndihm\u00eb fizike, si godinat e reja. Ne jemi me godinat e vjetra dhe nuk \u00ebsht\u00eb b\u00ebr\u00eb asnj\u00eb investim.<\/p>\n<p>Ligji \u201cRico\u201d do verifikoj\u00eb se ku kan\u00eb shkuar parat\u00eb e taksapaguesve amerikan\u00eb.<\/p>\n<p>Sot q\u00eb ne diskutojm\u00eb sistemi i drejt\u00ebsis\u00eb \u00ebsht\u00eb shkat\u00ebrruar, nuk ka akses qytetari n\u00eb drejt\u00ebsi. N\u00ebse nj\u00eb gjyq shkonte 3 vjet, tani shkon pa limit jo p\u00ebr faj t\u00eb gjykat\u00ebs.<\/p>\n<p>\u00cbsht\u00eb hequr nj\u00eb num\u00ebr shum\u00eb i madh profesionist\u00ebsh vet\u00ebm prej fondacionit Soros.<\/p>\n<p>Vet\u00ebm n\u00eb veting nga nj\u00eb verifikim i b\u00ebr\u00eb m\u00eb rezulton se gjasht\u00eb an\u00ebtar\u00eb kan\u00eb marr\u00eb paga nga fondacioni Soros dhe kan\u00eb lidhje direkte me fondacionin Soros.<\/p>\n<p>Dhe nj\u00eb pjes\u00eb e gjyqtar\u00ebve dhe prokuror\u00ebve q\u00eb jan\u00eb hequr jan\u00eb ata q\u00eb duan familjen, jan\u00eb familjar\u00eb, duan martesat burr\u00eb grua.<\/p>\n<p>Mendoj se mund t\u00eb ket\u00eb lidhje me frym\u00ebn e k\u00ebtij fondacioni, q\u00eb ka 6 an\u00ebtar\u00ebt e vet\u00eb.<\/p>\n<p>N\u00eb dijenin\u00eb time nj\u00ebri ka marr\u00eb dhe rrog\u00ebn, ish-kryetari i KPA, gjyqtari Sokol \u00c7omo \u00ebsht\u00eb pjes\u00eb e Soros, i cili ka p\u00ebrcjell at\u00eb linj\u00ebn e Soros. K\u00ebto do jen\u00eb pjes\u00eb e hetimit.<\/p>\n","protected":false},"excerpt":{"rendered":"<p>Ish-prokurori Ervin Karanxha thot\u00eb se fondacioni Soros ka marr\u00eb 9 milion\u00eb dollar\u00eb p\u00ebr t\u00eb b\u00ebr\u00eb reform\u00ebn n\u00eb drejt\u00ebsi n\u00eb Shqip\u00ebri. Nga studio e \u201cMCN Live\u201d, ai deklaroi se 6 an\u00ebtar\u00eb t\u00eb vetingut, kan\u00eb marr\u00eb paga nga fondacioni Soros dhe kan\u00eb lidhje direkte me t\u00eb. Dyshime ka p\u00ebr fondacionin, sepse k\u00ebto t\u00eb ardhura mund t\u00eb jen\u00eb &hellip;<\/p>\n","protected":false},"author":3,"featured_media":104938,"comment_status":"closed","ping_status":"closed","sticky":false,"template":"","format":"standard","meta":{"footnotes":""},"categories":[40],"tags":[],"class_list":["post-123279","post","type-post","status-publish","format-standard","has-post-thumbnail","","category-aktualitet"],"_links":{"self":[{"href":"https:\/\/rdnews.al\/index.php\/wp-json\/wp\/v2\/posts\/123279","targetHints":{"allow":["GET"]}}],"collection":[{"href":"https:\/\/rdnews.al\/index.php\/wp-json\/wp\/v2\/posts"}],"about":[{"href":"https:\/\/rdnews.al\/index.php\/wp-json\/wp\/v2\/types\/post"}],"author":[{"embeddable":true,"href":"https:\/\/rdnews.al\/index.php\/wp-json\/wp\/v2\/users\/3"}],"replies":[{"embeddable":true,"href":"https:\/\/rdnews.al\/index.php\/wp-json\/wp\/v2\/comments?post=123279"}],"version-history":[{"count":1,"href":"https:\/\/rdnews.al\/index.php\/wp-json\/wp\/v2\/posts\/123279\/revisions"}],"predecessor-version":[{"id":123283,"href":"https:\/\/rdnews.al\/index.php\/wp-json\/wp\/v2\/posts\/123279\/revisions\/123283"}],"wp:featuredmedia":[{"embeddable":true,"href":"https:\/\/rdnews.al\/index.php\/wp-json\/wp\/v2\/media\/104938"}],"wp:attachment":[{"href":"https:\/\/rdnews.al\/index.php\/wp-json\/wp\/v2\/media?parent=123279"}],"wp:term":[{"taxonomy":"category","embeddable":true,"href":"https:\/\/rdnews.al\/index.php\/wp-json\/wp\/v2\/categories?post=123279"},{"taxonomy":"post_tag","embeddable":true,"href":"https:\/\/rdnews.al\/index.php\/wp-json\/wp\/v2\/tags?post=123279"}],"curies":[{"name":"wp","href":"https:\/\/api.w.org\/{rel}","templated":true}]}}