{"id":123280,"date":"2025-09-15T11:39:14","date_gmt":"2025-09-15T11:39:14","guid":{"rendered":"https:\/\/rdnews.al\/?p=123280"},"modified":"2025-09-15T11:39:14","modified_gmt":"2025-09-15T11:39:14","slug":"berisha-nuk-do-ta-votojme-strukturen-e-re-te-komisioneve-parlamentare","status":"publish","type":"post","link":"https:\/\/rdnews.al\/index.php\/2025\/09\/15\/berisha-nuk-do-ta-votojme-strukturen-e-re-te-komisioneve-parlamentare\/","title":{"rendered":"Berisha: Nuk do ta votojm\u00eb struktur\u00ebn e re t\u00eb komisioneve parlamentare!"},"content":{"rendered":"<p>Kryetari i Partis\u00eb Demokratike, Sali Berisha n\u00eb konferenc\u00ebn me gazetar\u00ebt tha se, opozita nuk do t\u2019i votojn\u00eb ndryshimet n\u00eb struktur\u00ebn e re t\u00eb komisioneve parlamentare.<\/p>\n<p>\u201cAbsolutisht, nuk do votojm\u00eb struktur\u00ebn e re t\u00eb komisioneve parlamentare. K\u00ebt\u00eb ndryshim t\u00eb struktur\u00ebs parlamentare, ne nuk e votojm\u00eb. Jo, sepse \u00ebsht\u00eb b\u00ebr\u00eb nj\u00eb gj\u00eb e turpshme. Ndahet nj\u00eb komision n\u00eb tre komisione p\u00ebr t\u2019ia dh\u00ebn\u00eb opozit\u00ebs. Dhe, rriten shpenzimet p\u00ebr qytetar\u00ebt, etj, etj me radh\u00eb\u2019\u201d, tha Berisha.<\/p>\n","protected":false},"excerpt":{"rendered":"<p>Kryetari i Partis\u00eb Demokratike, Sali Berisha n\u00eb konferenc\u00ebn me gazetar\u00ebt tha se, opozita nuk do t\u2019i votojn\u00eb ndryshimet n\u00eb struktur\u00ebn e re t\u00eb komisioneve parlamentare. \u201cAbsolutisht, nuk do votojm\u00eb struktur\u00ebn e re t\u00eb komisioneve parlamentare. K\u00ebt\u00eb ndryshim t\u00eb struktur\u00ebs parlamentare, ne nuk e votojm\u00eb. Jo, sepse \u00ebsht\u00eb b\u00ebr\u00eb nj\u00eb gj\u00eb e turpshme. Ndahet nj\u00eb komision &hellip;<\/p>\n","protected":false},"author":4,"featured_media":123281,"comment_status":"closed","ping_status":"closed","sticky":false,"template":"","format":"standard","meta":{"footnotes":""},"categories":[37],"tags":[],"class_list":["post-123280","post","type-post","status-publish","format-standard","has-post-thumbnail","","category-politike"],"_links":{"self":[{"href":"https:\/\/rdnews.al\/index.php\/wp-json\/wp\/v2\/posts\/123280","targetHints":{"allow":["GET"]}}],"collection":[{"href":"https:\/\/rdnews.al\/index.php\/wp-json\/wp\/v2\/posts"}],"about":[{"href":"https:\/\/rdnews.al\/index.php\/wp-json\/wp\/v2\/types\/post"}],"author":[{"embeddable":true,"href":"https:\/\/rdnews.al\/index.php\/wp-json\/wp\/v2\/users\/4"}],"replies":[{"embeddable":true,"href":"https:\/\/rdnews.al\/index.php\/wp-json\/wp\/v2\/comments?post=123280"}],"version-history":[{"count":1,"href":"https:\/\/rdnews.al\/index.php\/wp-json\/wp\/v2\/posts\/123280\/revisions"}],"predecessor-version":[{"id":123282,"href":"https:\/\/rdnews.al\/index.php\/wp-json\/wp\/v2\/posts\/123280\/revisions\/123282"}],"wp:featuredmedia":[{"embeddable":true,"href":"https:\/\/rdnews.al\/index.php\/wp-json\/wp\/v2\/media\/123281"}],"wp:attachment":[{"href":"https:\/\/rdnews.al\/index.php\/wp-json\/wp\/v2\/media?parent=123280"}],"wp:term":[{"taxonomy":"category","embeddable":true,"href":"https:\/\/rdnews.al\/index.php\/wp-json\/wp\/v2\/categories?post=123280"},{"taxonomy":"post_tag","embeddable":true,"href":"https:\/\/rdnews.al\/index.php\/wp-json\/wp\/v2\/tags?post=123280"}],"curies":[{"name":"wp","href":"https:\/\/api.w.org\/{rel}","templated":true}]}}