{"id":123287,"date":"2025-09-15T11:49:33","date_gmt":"2025-09-15T11:49:33","guid":{"rendered":"https:\/\/rdnews.al\/?p=123287"},"modified":"2025-09-15T11:49:33","modified_gmt":"2025-09-15T11:49:33","slug":"berisha-e-quaj-shume-te-rendesishme-qe-aleatet-tane-te-kene-grupet-parlamentare-sepse-i-sherben-betejes-tone","status":"publish","type":"post","link":"https:\/\/rdnews.al\/index.php\/2025\/09\/15\/berisha-e-quaj-shume-te-rendesishme-qe-aleatet-tane-te-kene-grupet-parlamentare-sepse-i-sherben-betejes-tone\/","title":{"rendered":"Berisha: E quaj shum\u00eb t\u00eb r\u00ebnd\u00ebsishme q\u00eb aleat\u00ebt tan\u00eb t\u00eb ken\u00eb grupet parlamentare sepse i sh\u00ebrben betej\u00ebs ton\u00eb"},"content":{"rendered":"<p>Kryetari i PD, Sali Berisha tha se, e quaj shum\u00eb t\u00eb r\u00ebnd\u00ebsishme q\u00eb aleat\u00ebt tan\u00eb t\u00eb ken\u00eb grupet parlamentare, sepse i sh\u00ebrben betej\u00ebs ton\u00eb.<\/p>\n<p>\u201cKryetari i grupit parlamentar po diskuton dhe un\u00eb personalisht e quaj shum\u00eb t\u00eb r\u00ebnd\u00ebsishme q\u00eb aleat\u00ebt tan\u00eb t\u00eb ken\u00eb grupet parlamentare. I sh\u00ebrben betej\u00ebs son\u00eb n\u00eb parlament\u201d, tha Berisha.<\/p>\n","protected":false},"excerpt":{"rendered":"<p>Kryetari i PD, Sali Berisha tha se, e quaj shum\u00eb t\u00eb r\u00ebnd\u00ebsishme q\u00eb aleat\u00ebt tan\u00eb t\u00eb ken\u00eb grupet parlamentare, sepse i sh\u00ebrben betej\u00ebs ton\u00eb. \u201cKryetari i grupit parlamentar po diskuton dhe un\u00eb personalisht e quaj shum\u00eb t\u00eb r\u00ebnd\u00ebsishme q\u00eb aleat\u00ebt tan\u00eb t\u00eb ken\u00eb grupet parlamentare. I sh\u00ebrben betej\u00ebs son\u00eb n\u00eb parlament\u201d, tha Berisha.<\/p>\n","protected":false},"author":4,"featured_media":123269,"comment_status":"closed","ping_status":"closed","sticky":false,"template":"","format":"standard","meta":{"footnotes":""},"categories":[37],"tags":[],"class_list":["post-123287","post","type-post","status-publish","format-standard","has-post-thumbnail","","category-politike"],"_links":{"self":[{"href":"https:\/\/rdnews.al\/index.php\/wp-json\/wp\/v2\/posts\/123287","targetHints":{"allow":["GET"]}}],"collection":[{"href":"https:\/\/rdnews.al\/index.php\/wp-json\/wp\/v2\/posts"}],"about":[{"href":"https:\/\/rdnews.al\/index.php\/wp-json\/wp\/v2\/types\/post"}],"author":[{"embeddable":true,"href":"https:\/\/rdnews.al\/index.php\/wp-json\/wp\/v2\/users\/4"}],"replies":[{"embeddable":true,"href":"https:\/\/rdnews.al\/index.php\/wp-json\/wp\/v2\/comments?post=123287"}],"version-history":[{"count":1,"href":"https:\/\/rdnews.al\/index.php\/wp-json\/wp\/v2\/posts\/123287\/revisions"}],"predecessor-version":[{"id":123288,"href":"https:\/\/rdnews.al\/index.php\/wp-json\/wp\/v2\/posts\/123287\/revisions\/123288"}],"wp:featuredmedia":[{"embeddable":true,"href":"https:\/\/rdnews.al\/index.php\/wp-json\/wp\/v2\/media\/123269"}],"wp:attachment":[{"href":"https:\/\/rdnews.al\/index.php\/wp-json\/wp\/v2\/media?parent=123287"}],"wp:term":[{"taxonomy":"category","embeddable":true,"href":"https:\/\/rdnews.al\/index.php\/wp-json\/wp\/v2\/categories?post=123287"},{"taxonomy":"post_tag","embeddable":true,"href":"https:\/\/rdnews.al\/index.php\/wp-json\/wp\/v2\/tags?post=123287"}],"curies":[{"name":"wp","href":"https:\/\/api.w.org\/{rel}","templated":true}]}}