{"id":123294,"date":"2025-09-15T11:58:54","date_gmt":"2025-09-15T11:58:54","guid":{"rendered":"https:\/\/rdnews.al\/?p=123294"},"modified":"2025-09-15T11:58:54","modified_gmt":"2025-09-15T11:58:54","slug":"berisha-thuhet-se-erion-veliajn-e-kane-goditur-ka-edhe-tentativa-te-tjera-me-ushqimin","status":"publish","type":"post","link":"https:\/\/rdnews.al\/index.php\/2025\/09\/15\/berisha-thuhet-se-erion-veliajn-e-kane-goditur-ka-edhe-tentativa-te-tjera-me-ushqimin\/","title":{"rendered":"Berisha: Thuhet se Erion Veliajn e kan\u00eb goditur, ka edhe tentativa t\u00eb tjera me ushqimin&#8230;"},"content":{"rendered":"<p>Kryetari i PD, Sali Berisha u shpreh p\u00ebr gazetar\u00ebt se, thuhet se Erion Veliajn e kan\u00eb goditur, p\u00ebr t\u00eb mos th\u00ebn\u00eb tentativa t\u00eb tjera me ushqim e pa ushqim.<\/p>\n<p>\u201cGjith\u00e7ka \u00ebsht\u00eb n\u00eb shqyrtim, nuk ka asnj\u00eb lloj vendimi. S\u00eb pari u faktua se kush e burgosi Erion Veliajn, dhe p\u00ebr \u00e7\u2019q\u00ebllime e burgosi. Nuk kemi keqardhje se, Erion Veliaj e meriton 100 her\u00eb. Ato akuza dhe nj\u00eb mal tjet\u00ebr shum\u00eb m\u00eb i madh duhej t\u00eb r\u00ebndonin mbi t\u00eb.<\/p>\n<p>Por nga tjet\u00ebr, shkelmimi i t\u00eb gjitha normave elementare t\u00eb t\u00eb drejtave t\u00eb njeriut. E keni marr\u00eb vesh, se atje nuk mund ta takoj\u00eb njeri at\u00eb. Nuk e takon njeri.<\/p>\n<p>E keni marr\u00eb vesh, thuhet se e kan\u00eb goditur, p\u00ebr t\u00eb mos th\u00ebn\u00eb tentativa t\u00eb tjera, me ushqim e pa ushqim, gj\u00ebra, se kur nuk ka asnj\u00eb lloj transparence, dhe tani b\u00ebnte t\u00eb paditurin ky.<\/p>\n<p>Ky q\u00eb i organizon t\u00eb gjitha, thoshte b\u00ebjn\u00eb k\u00ebt\u00eb dhe k\u00ebt\u00eb.<br \/>\nPra, kjo \u00ebsht\u00eb\u201d, tha Berisha.<\/p>\n","protected":false},"excerpt":{"rendered":"<p>Kryetari i PD, Sali Berisha u shpreh p\u00ebr gazetar\u00ebt se, thuhet se Erion Veliajn e kan\u00eb goditur, p\u00ebr t\u00eb mos th\u00ebn\u00eb tentativa t\u00eb tjera me ushqim e pa ushqim. \u201cGjith\u00e7ka \u00ebsht\u00eb n\u00eb shqyrtim, nuk ka asnj\u00eb lloj vendimi. S\u00eb pari u faktua se kush e burgosi Erion Veliajn, dhe p\u00ebr \u00e7\u2019q\u00ebllime e burgosi. Nuk kemi &hellip;<\/p>\n","protected":false},"author":4,"featured_media":123281,"comment_status":"closed","ping_status":"closed","sticky":false,"template":"","format":"standard","meta":{"footnotes":""},"categories":[37],"tags":[],"class_list":["post-123294","post","type-post","status-publish","format-standard","has-post-thumbnail","","category-politike"],"_links":{"self":[{"href":"https:\/\/rdnews.al\/index.php\/wp-json\/wp\/v2\/posts\/123294","targetHints":{"allow":["GET"]}}],"collection":[{"href":"https:\/\/rdnews.al\/index.php\/wp-json\/wp\/v2\/posts"}],"about":[{"href":"https:\/\/rdnews.al\/index.php\/wp-json\/wp\/v2\/types\/post"}],"author":[{"embeddable":true,"href":"https:\/\/rdnews.al\/index.php\/wp-json\/wp\/v2\/users\/4"}],"replies":[{"embeddable":true,"href":"https:\/\/rdnews.al\/index.php\/wp-json\/wp\/v2\/comments?post=123294"}],"version-history":[{"count":1,"href":"https:\/\/rdnews.al\/index.php\/wp-json\/wp\/v2\/posts\/123294\/revisions"}],"predecessor-version":[{"id":123296,"href":"https:\/\/rdnews.al\/index.php\/wp-json\/wp\/v2\/posts\/123294\/revisions\/123296"}],"wp:featuredmedia":[{"embeddable":true,"href":"https:\/\/rdnews.al\/index.php\/wp-json\/wp\/v2\/media\/123281"}],"wp:attachment":[{"href":"https:\/\/rdnews.al\/index.php\/wp-json\/wp\/v2\/media?parent=123294"}],"wp:term":[{"taxonomy":"category","embeddable":true,"href":"https:\/\/rdnews.al\/index.php\/wp-json\/wp\/v2\/categories?post=123294"},{"taxonomy":"post_tag","embeddable":true,"href":"https:\/\/rdnews.al\/index.php\/wp-json\/wp\/v2\/tags?post=123294"}],"curies":[{"name":"wp","href":"https:\/\/api.w.org\/{rel}","templated":true}]}}