{"id":123297,"date":"2025-09-15T12:04:03","date_gmt":"2025-09-15T12:04:03","guid":{"rendered":"https:\/\/rdnews.al\/?p=123297"},"modified":"2025-09-15T12:04:03","modified_gmt":"2025-09-15T12:04:03","slug":"dhuna-ndaj-gazetarit-berisha-kjo-eshte-nje-politike-zyrtare-ndaj-mediave-qe-kerkojne-transparence","status":"publish","type":"post","link":"https:\/\/rdnews.al\/index.php\/2025\/09\/15\/dhuna-ndaj-gazetarit-berisha-kjo-eshte-nje-politike-zyrtare-ndaj-mediave-qe-kerkojne-transparence\/","title":{"rendered":"Dhuna ndaj gazetarit\/ Berisha: Kjo \u00ebsht\u00eb nj\u00eb politik\u00eb zyrtare ndaj mediave q\u00eb k\u00ebrkojn\u00eb transparenc\u00eb"},"content":{"rendered":"<p>Kryetari i PD, Sali Berisha tha se, akti i fundit ndaj nj\u00eb gazetari ishte nj\u00eb k\u00ebrc\u00ebnim me rr\u00ebmbim i cili nuk pati as reagim t\u00eb menj\u00ebhersh\u00ebm nga autoritetet, as mbulim nga mediat e m\u00ebdha t\u00eb lidhura me qeverin\u00eb, tregon qart\u00eb shkall\u00ebn e thell\u00eb t\u00eb influenc\u00ebs kriminale mbi informimin publik.<\/p>\n<p>Berisha tha se, p\u00ebrdorimi i shprehjes \u201ct\u00eb fus n\u00eb bagazh\u201d ka kuptimin e qart\u00eb t\u00eb nj\u00eb k\u00ebrc\u00ebnimi p\u00ebr vrasje dhe zhdukje, duke marr\u00eb si shembull k\u00ebrc\u00ebnimin e b\u00ebr\u00eb nga Mirel Re\u00e7i, kush\u00ebriri i par\u00eb i Lubi Ballukut.<\/p>\n<p>\u201cKodi i Omerta \u00ebsht\u00eb kodi i k\u00ebtij regjimi. Dhe si\u00e7 e shihni ju, ai akt shum\u00eb, shum\u00eb i r\u00ebnd\u00eb, ai k\u00ebrc\u00ebnim me rr\u00ebmbim q\u00eb i b\u00ebhej gazetarit jo q\u00eb nuk pati reagim nga autoritetet t\u00eb menj\u00ebhersh\u00ebm p\u00ebr t\u00eb, por dhe mediat e m\u00ebdha t\u00eb qeveris\u00eb nuk e pasqyruan, tregon shkall\u00ebn e thell\u00eb t\u00eb kontrollit mafioz t\u00eb mediave n\u00eb Shqip\u00ebri.<\/p>\n<p>Ai ishte nj\u00eb akt jasht\u00ebzakonisht i r\u00ebnd\u00eb. Nj\u00eb k\u00ebrc\u00ebnim.<\/p>\n<p>T\u00eb fus n\u00eb bagazh do t\u00eb thot\u00eb se, un\u00eb t\u00eb vras dhe me bagazh t\u00eb hedh diku.<\/p>\n<p>Kaq e kishte mendjen kush\u00ebriri i par\u00eb i Lubi Ballukut, ai Mirel Re\u00e7i.<\/p>\n<p>Sigurisht, por t\u00eb jeni t\u00eb sigurt q\u00eb kjo \u00ebsht\u00eb nj\u00eb politik\u00eb zyrtare. Q\u00ebllimi armiq\u00ebsor ndaj mediave \u00ebsht\u00eb politik\u00eb zyrtare, ndaj mediave q\u00eb k\u00ebrkojn\u00eb transparenc\u00eb se t\u00eb tjerave jo.<\/p>\n<p>T\u00eb tjerat shp\u00ebrblehen me llokma, motele, hotele, pallate e fusha sporti e me radh\u00eb.\u00a0Kjo \u00ebsht\u00eb e v\u00ebrteta\u201d, tha Berisha.<\/p>\n","protected":false},"excerpt":{"rendered":"<p>Kryetari i PD, Sali Berisha tha se, akti i fundit ndaj nj\u00eb gazetari ishte nj\u00eb k\u00ebrc\u00ebnim me rr\u00ebmbim i cili nuk pati as reagim t\u00eb menj\u00ebhersh\u00ebm nga autoritetet, as mbulim nga mediat e m\u00ebdha t\u00eb lidhura me qeverin\u00eb, tregon qart\u00eb shkall\u00ebn e thell\u00eb t\u00eb influenc\u00ebs kriminale mbi informimin publik. Berisha tha se, p\u00ebrdorimi i shprehjes &hellip;<\/p>\n","protected":false},"author":4,"featured_media":123285,"comment_status":"closed","ping_status":"closed","sticky":false,"template":"","format":"standard","meta":{"footnotes":""},"categories":[37],"tags":[],"class_list":["post-123297","post","type-post","status-publish","format-standard","has-post-thumbnail","","category-politike"],"_links":{"self":[{"href":"https:\/\/rdnews.al\/index.php\/wp-json\/wp\/v2\/posts\/123297","targetHints":{"allow":["GET"]}}],"collection":[{"href":"https:\/\/rdnews.al\/index.php\/wp-json\/wp\/v2\/posts"}],"about":[{"href":"https:\/\/rdnews.al\/index.php\/wp-json\/wp\/v2\/types\/post"}],"author":[{"embeddable":true,"href":"https:\/\/rdnews.al\/index.php\/wp-json\/wp\/v2\/users\/4"}],"replies":[{"embeddable":true,"href":"https:\/\/rdnews.al\/index.php\/wp-json\/wp\/v2\/comments?post=123297"}],"version-history":[{"count":1,"href":"https:\/\/rdnews.al\/index.php\/wp-json\/wp\/v2\/posts\/123297\/revisions"}],"predecessor-version":[{"id":123298,"href":"https:\/\/rdnews.al\/index.php\/wp-json\/wp\/v2\/posts\/123297\/revisions\/123298"}],"wp:featuredmedia":[{"embeddable":true,"href":"https:\/\/rdnews.al\/index.php\/wp-json\/wp\/v2\/media\/123285"}],"wp:attachment":[{"href":"https:\/\/rdnews.al\/index.php\/wp-json\/wp\/v2\/media?parent=123297"}],"wp:term":[{"taxonomy":"category","embeddable":true,"href":"https:\/\/rdnews.al\/index.php\/wp-json\/wp\/v2\/categories?post=123297"},{"taxonomy":"post_tag","embeddable":true,"href":"https:\/\/rdnews.al\/index.php\/wp-json\/wp\/v2\/tags?post=123297"}],"curies":[{"name":"wp","href":"https:\/\/api.w.org\/{rel}","templated":true}]}}