{"id":123300,"date":"2025-09-15T12:07:19","date_gmt":"2025-09-15T12:07:19","guid":{"rendered":"https:\/\/rdnews.al\/?p=123300"},"modified":"2025-09-15T12:07:19","modified_gmt":"2025-09-15T12:07:19","slug":"bardhi-ndryshimet-per-komisionet-parlamentare-i-morem-vesh-nga-media-ps-na-perjashtoi-nga-integrimi","status":"publish","type":"post","link":"https:\/\/rdnews.al\/index.php\/2025\/09\/15\/bardhi-ndryshimet-per-komisionet-parlamentare-i-morem-vesh-nga-media-ps-na-perjashtoi-nga-integrimi\/","title":{"rendered":"Bardhi: Ndryshimet p\u00ebr Komisionet Parlamentare i mor\u00ebm vesh nga media, PS na p\u00ebrjashtoi nga \u201cintegrimi\u201d!"},"content":{"rendered":"<p>Krryetari i Grupit Parlamentar t\u00eb PD-s\u00eb, Gazment Bardhi, duke folur p\u00ebr mediat pas mbledhjes me kryetarin e Kuvendit, Niko Peleshi p\u00ebr struktur\u00ebn e re t\u00eb parlamentit, hodhi akuza ndaj maxhoranc\u00ebs.<\/p>\n<p>Bardhi tha se, ndryshimet p\u00ebr komisionet parlamentare i mor\u00ebn vesh nga mediat n\u00eb dit\u00ebn e Asambles\u00eb s\u00eb PS. Sipas tij, maxhoranca ka shkelur kushtetut\u00ebn dhe se Shqip\u00ebria b\u00ebhet vendi i par\u00eb q\u00eb i heq opozit\u00ebs drejtimin e Komisionit t\u00eb Integrimit.<\/p>\n<p>\u201cKuvendi dhe komisionet parlamentare jan\u00eb mekanizma pune t\u00eb p\u00ebrbashk\u00ebta dhe si n\u00eb \u00e7do vend demokratik, organizimi i pun\u00ebs duhet t\u00eb ishte produkt i p\u00ebrbashk\u00ebt. Fakti i prezantimit t\u00eb ndryshimeve n\u00eb asamblen\u00eb e PS, i b\u00ebr\u00eb sot i kryer me caktimin e kryetar\u00ebve dhe zv. kryetar\u00ebve t\u00eb PS, tregon frym\u00ebn autoritare q\u00eb Rama ka instaluar n\u00eb Republik\u00ebn e Shqip\u00ebris\u00eb. P\u00ebr ne \u00ebsht\u00eb e papranueshme. S\u00eb dyti, kemi sqaruar se me veprimin e shkrirjes s\u00eb komisionit t\u00eb Integrimit, mekanizmi q\u00eb kishte n\u00eb dor\u00eb opozita p\u00ebr rolin e saj kontruktiv dhe p\u00ebr t\u00eb dh\u00ebn\u00eb konsensus, n\u00eb k\u00ebt\u00eb moment zerohet se ky komision \u00ebsht\u00eb bashkuar me at\u00eb t\u00eb jasht\u00ebm dhe pas 21 vitesh opozita s\u2019do t\u00eb ket\u00eb m\u00eb procesin e drejtimit t\u00eb k\u00ebtij procesi.<\/p>\n<p>Q\u00ebndrimi se nuk kemi shkrir\u00eb Komisionin e Integrimit por at\u00eb t\u00eb Jasht\u00ebm, n\u00eb fakt pasqyron at\u00eb q\u00eb kemi th\u00ebn\u00eb, vullnetin e mazhoranc\u00ebs p\u00ebr t\u00eb p\u00ebrjashtuar opozit\u00ebn nga procesi i integrimit. S\u00eb dyti, na u soll si argument se kemi ndjekur modelin e organeve t\u00eb Bundestagut gjerman. Atje ka edhe komision t\u00eb jasht\u00ebm dhe t\u00eb \u00e7\u00ebshtjeve evropiane. Grupi parlamentar i PD i ka k\u00ebrkuar institucioneve t\u00eb kuvendit t\u00eb b\u00ebjn\u00eb nj\u00eb studim se si jan\u00eb t\u00eb organizuara komisionet parlamentarre n\u00eb rajon dhe s\u00eb dyti se si jan\u00eb t\u00eb organizuara komisionet parlamentare n\u00eb disa prej vendeve an\u00ebtare t\u00eb BE. Dhe sipas studimit t\u00eb vet\u00eb kuvendit, n\u00eb t\u00eb gjitha vendet e Ballkanit ka edhe komision t\u00eb integrimit evropian, q\u00eb n\u00eb t\u00eb gjitha vendet drejtohet nga opozita edhe komisionet p\u00ebr pun\u00ebt e jashtme.<\/p>\n<p>Shqip\u00ebria b\u00ebhet i pari vend q\u00eb jo thjesht p\u00ebrjashton opozit\u00ebn nga procesi i integrimit, dhe nuk ka nj\u00eb komision t\u00eb dedikuar p\u00ebr integrimin. E treta \u00ebsht\u00eb zvog\u00eblimi i rolit q\u00eb ka secili prej komisioneve. Asnj\u00eb nga komisionet tematike, nuk do t\u00eb ket\u00eb mund\u00ebsi t\u00eb ushtroj\u00eb funksonin e vet t\u00eb kontrollit p\u00ebr zbatimin e ligjeve p\u00ebr shkak t\u00eb komisioneve t\u00eb ve\u00e7anta. Plani i mazhporanc\u00ebs p\u00ebr t\u00eb mbledhur kuvendi n\u00eb tre dit\u00eb me urgjenc\u00eb sikur t\u00eb jemi n\u00eb gjendje t\u00eb jasht\u00ebzakonshme shkel rregulloren e Kuvendit dhe kjo n\u00ebnkupton shkelje t\u00eb kushtetut\u00ebs\u201d,\u00a0tha Bardhi.<\/p>\n","protected":false},"excerpt":{"rendered":"<p>Krryetari i Grupit Parlamentar t\u00eb PD-s\u00eb, Gazment Bardhi, duke folur p\u00ebr mediat pas mbledhjes me kryetarin e Kuvendit, Niko Peleshi p\u00ebr struktur\u00ebn e re t\u00eb parlamentit, hodhi akuza ndaj maxhoranc\u00ebs. Bardhi tha se, ndryshimet p\u00ebr komisionet parlamentare i mor\u00ebn vesh nga mediat n\u00eb dit\u00ebn e Asambles\u00eb s\u00eb PS. Sipas tij, maxhoranca ka shkelur kushtetut\u00ebn dhe &hellip;<\/p>\n","protected":false},"author":4,"featured_media":123301,"comment_status":"closed","ping_status":"closed","sticky":false,"template":"","format":"standard","meta":{"footnotes":""},"categories":[37],"tags":[],"class_list":["post-123300","post","type-post","status-publish","format-standard","has-post-thumbnail","","category-politike"],"_links":{"self":[{"href":"https:\/\/rdnews.al\/index.php\/wp-json\/wp\/v2\/posts\/123300","targetHints":{"allow":["GET"]}}],"collection":[{"href":"https:\/\/rdnews.al\/index.php\/wp-json\/wp\/v2\/posts"}],"about":[{"href":"https:\/\/rdnews.al\/index.php\/wp-json\/wp\/v2\/types\/post"}],"author":[{"embeddable":true,"href":"https:\/\/rdnews.al\/index.php\/wp-json\/wp\/v2\/users\/4"}],"replies":[{"embeddable":true,"href":"https:\/\/rdnews.al\/index.php\/wp-json\/wp\/v2\/comments?post=123300"}],"version-history":[{"count":1,"href":"https:\/\/rdnews.al\/index.php\/wp-json\/wp\/v2\/posts\/123300\/revisions"}],"predecessor-version":[{"id":123302,"href":"https:\/\/rdnews.al\/index.php\/wp-json\/wp\/v2\/posts\/123300\/revisions\/123302"}],"wp:featuredmedia":[{"embeddable":true,"href":"https:\/\/rdnews.al\/index.php\/wp-json\/wp\/v2\/media\/123301"}],"wp:attachment":[{"href":"https:\/\/rdnews.al\/index.php\/wp-json\/wp\/v2\/media?parent=123300"}],"wp:term":[{"taxonomy":"category","embeddable":true,"href":"https:\/\/rdnews.al\/index.php\/wp-json\/wp\/v2\/categories?post=123300"},{"taxonomy":"post_tag","embeddable":true,"href":"https:\/\/rdnews.al\/index.php\/wp-json\/wp\/v2\/tags?post=123300"}],"curies":[{"name":"wp","href":"https:\/\/api.w.org\/{rel}","templated":true}]}}