{"id":123309,"date":"2025-09-15T16:34:07","date_gmt":"2025-09-15T16:34:07","guid":{"rendered":"https:\/\/rdnews.al\/?p=123309"},"modified":"2025-09-15T16:34:07","modified_gmt":"2025-09-15T16:34:07","slug":"pd-leter-ambasadave-ndryshimet-e-njeanshme-ne-kuvend-demtojne-integrimin-evropian","status":"publish","type":"post","link":"https:\/\/rdnews.al\/index.php\/2025\/09\/15\/pd-leter-ambasadave-ndryshimet-e-njeanshme-ne-kuvend-demtojne-integrimin-evropian\/","title":{"rendered":"PD let\u00ebr ambasadave: Ndryshimet e nj\u00ebanshme n\u00eb Kuvend d\u00ebmtojn\u00eb integrimin evropian"},"content":{"rendered":"<p>Grupi Parlamentar i Partis\u00eb Demokratike ka d\u00ebrguar nj\u00eb let\u00ebr drejtuar n\u00ebnt\u00eb ambasadave n\u00eb Tiran\u00eb, p\u00ebrfshir\u00eb SHBA dhe Bashkimin Evropian, ku shpreh shqet\u00ebsimin mbi ndryshimet e propozuara nga kryeministri Edi Rama n\u00eb Rregulloren e Kuvendit.<\/p>\n<p>Kryetari i grupit, Gazment Bardhi, paralajm\u00ebron se k\u00ebto ndryshime d\u00ebmtojn\u00eb procesin e integrimit evropian t\u00eb Shqip\u00ebris\u00eb dhe p\u00ebrjashtojn\u00eb opozit\u00ebn nga vendimmarrja.<\/p>\n<p>Sipas Bardhit, gjat\u00eb Asambles\u00eb Komb\u00ebtare t\u00eb Partis\u00eb Socialiste m\u00eb 11 shtator, mazhoranca propozoi ndryshime q\u00eb rrisin numrin e komisioneve parlamentare nga 8 n\u00eb 11 dhe bashkojn\u00eb Komisionin p\u00ebr Integrimin Evropian me Komisionin p\u00ebr Pun\u00ebt e Jashtme, duke ia dh\u00ebn\u00eb drejtimin vet\u00ebm p\u00ebrfaq\u00ebsuesve t\u00eb mazhoranc\u00ebs.<\/p>\n<p>Ai thekson se kjo shkel tradit\u00ebn e gjat\u00eb parlamentare dhe praktikat demokratike n\u00eb rajon, ku komisioni i integrimit udh\u00ebhiqet nga opozita p\u00ebr t\u00eb garantuar shqyrtimin e duhur t\u00eb ligjeve q\u00eb lidhen me integrimin evropian.<\/p>\n<p><img decoding=\"async\" src=\"https:\/\/www.balkanweb.com\/wp-content\/uploads\/2025\/09\/asdsdf.jpg\" data-pin-no-hover=\"true\" \/><\/p>\n<div class=\"jeg_ad jeg_ad_article jnews_content_inline_2_ads  \">\n<div class=\"ads-wrapper align-center \">\n<div class=\"ads_code\"><\/div>\n<\/div>\n<\/div>\n<p><img decoding=\"async\" src=\"https:\/\/www.balkanweb.com\/wp-content\/uploads\/2025\/09\/sdfsdfdsf.jpg\" alt=\"foto galeri \" data-pin-no-hover=\"true\" \/><\/p>\n","protected":false},"excerpt":{"rendered":"<p>Grupi Parlamentar i Partis\u00eb Demokratike ka d\u00ebrguar nj\u00eb let\u00ebr drejtuar n\u00ebnt\u00eb ambasadave n\u00eb Tiran\u00eb, p\u00ebrfshir\u00eb SHBA dhe Bashkimin Evropian, ku shpreh shqet\u00ebsimin mbi ndryshimet e propozuara nga kryeministri Edi Rama n\u00eb Rregulloren e Kuvendit. Kryetari i grupit, Gazment Bardhi, paralajm\u00ebron se k\u00ebto ndryshime d\u00ebmtojn\u00eb procesin e integrimit evropian t\u00eb Shqip\u00ebris\u00eb dhe p\u00ebrjashtojn\u00eb opozit\u00ebn nga vendimmarrja. &hellip;<\/p>\n","protected":false},"author":4,"featured_media":89408,"comment_status":"closed","ping_status":"closed","sticky":false,"template":"","format":"standard","meta":{"footnotes":""},"categories":[37],"tags":[],"class_list":["post-123309","post","type-post","status-publish","format-standard","has-post-thumbnail","","category-politike"],"_links":{"self":[{"href":"https:\/\/rdnews.al\/index.php\/wp-json\/wp\/v2\/posts\/123309","targetHints":{"allow":["GET"]}}],"collection":[{"href":"https:\/\/rdnews.al\/index.php\/wp-json\/wp\/v2\/posts"}],"about":[{"href":"https:\/\/rdnews.al\/index.php\/wp-json\/wp\/v2\/types\/post"}],"author":[{"embeddable":true,"href":"https:\/\/rdnews.al\/index.php\/wp-json\/wp\/v2\/users\/4"}],"replies":[{"embeddable":true,"href":"https:\/\/rdnews.al\/index.php\/wp-json\/wp\/v2\/comments?post=123309"}],"version-history":[{"count":1,"href":"https:\/\/rdnews.al\/index.php\/wp-json\/wp\/v2\/posts\/123309\/revisions"}],"predecessor-version":[{"id":123310,"href":"https:\/\/rdnews.al\/index.php\/wp-json\/wp\/v2\/posts\/123309\/revisions\/123310"}],"wp:featuredmedia":[{"embeddable":true,"href":"https:\/\/rdnews.al\/index.php\/wp-json\/wp\/v2\/media\/89408"}],"wp:attachment":[{"href":"https:\/\/rdnews.al\/index.php\/wp-json\/wp\/v2\/media?parent=123309"}],"wp:term":[{"taxonomy":"category","embeddable":true,"href":"https:\/\/rdnews.al\/index.php\/wp-json\/wp\/v2\/categories?post=123309"},{"taxonomy":"post_tag","embeddable":true,"href":"https:\/\/rdnews.al\/index.php\/wp-json\/wp\/v2\/tags?post=123309"}],"curies":[{"name":"wp","href":"https:\/\/api.w.org\/{rel}","templated":true}]}}