{"id":123319,"date":"2025-09-15T18:49:41","date_gmt":"2025-09-15T18:49:41","guid":{"rendered":"https:\/\/rdnews.al\/?p=123319"},"modified":"2025-09-15T18:49:59","modified_gmt":"2025-09-15T18:49:59","slug":"berisha-diella-quhet-ndryshe-vjedhja-e-rames-presidenti-kukull-legalizoi-kete-krimi-te-rende-kushtetues","status":"publish","type":"post","link":"https:\/\/rdnews.al\/index.php\/2025\/09\/15\/berisha-diella-quhet-ndryshe-vjedhja-e-rames-presidenti-kukull-legalizoi-kete-krimi-te-rende-kushtetues\/","title":{"rendered":"Berisha: Diella quhet ndryshe \u201cVjedhja\u201d e Ram\u00ebs, presidenti kukull legalizoi k\u00ebt\u00eb krimi t\u00eb r\u00ebnd\u00eb kushtetues"},"content":{"rendered":"<p>Kryetari i PD, Sali Berisha shkruan se, Diella quhet ndryshe \u201cVjedhja\u201d e Edi Ram\u00ebs, lindur nga AKSHI, kopshti personal i familjes Rama! Berisha shkruan se, d\u00ebnon presidentin kukull, q\u00eb dekretoi k\u00ebt\u00eb krim t\u00eb r\u00ebnd\u00eb kushtetues!<\/p>\n<p>\u201cDiella quhet ndryshe \u201cVjedhja\u201d e Edi Ram\u00ebs! Lindur nga AKSHI, kopshti personal i familjes Rama, Diella \u00ebsht\u00eb truku i Edi Ram\u00ebs q\u00eb p\u00ebrgjegj\u00ebsit\u00eb n\u00eb vjedhje mos t\u00eb ken\u00eb autor! D\u00ebnoj presidentin kukull, q\u00eb dekretoi k\u00ebt\u00eb krim t\u00eb r\u00ebnd\u00eb kushtetues!\u201d, shkruan Berisha.<\/p>\n<p><img loading=\"lazy\" decoding=\"async\" class=\"alignnone size-medium wp-image-123321\" src=\"https:\/\/rdnews.al\/wp-content\/uploads\/2025\/09\/b1-5-240x300.jpg\" alt=\"\" width=\"240\" height=\"300\" srcset=\"https:\/\/rdnews.al\/wp-content\/uploads\/2025\/09\/b1-5-240x300.jpg 240w, https:\/\/rdnews.al\/wp-content\/uploads\/2025\/09\/b1-5.jpg 512w\" sizes=\"auto, (max-width: 240px) 100vw, 240px\" \/><\/p>\n","protected":false},"excerpt":{"rendered":"<p>Kryetari i PD, Sali Berisha shkruan se, Diella quhet ndryshe \u201cVjedhja\u201d e Edi Ram\u00ebs, lindur nga AKSHI, kopshti personal i familjes Rama! Berisha shkruan se, d\u00ebnon presidentin kukull, q\u00eb dekretoi k\u00ebt\u00eb krim t\u00eb r\u00ebnd\u00eb kushtetues! \u201cDiella quhet ndryshe \u201cVjedhja\u201d e Edi Ram\u00ebs! Lindur nga AKSHI, kopshti personal i familjes Rama, Diella \u00ebsht\u00eb truku i Edi &hellip;<\/p>\n","protected":false},"author":4,"featured_media":123102,"comment_status":"closed","ping_status":"closed","sticky":false,"template":"","format":"standard","meta":{"footnotes":""},"categories":[37],"tags":[],"class_list":["post-123319","post","type-post","status-publish","format-standard","has-post-thumbnail","","category-politike"],"_links":{"self":[{"href":"https:\/\/rdnews.al\/index.php\/wp-json\/wp\/v2\/posts\/123319","targetHints":{"allow":["GET"]}}],"collection":[{"href":"https:\/\/rdnews.al\/index.php\/wp-json\/wp\/v2\/posts"}],"about":[{"href":"https:\/\/rdnews.al\/index.php\/wp-json\/wp\/v2\/types\/post"}],"author":[{"embeddable":true,"href":"https:\/\/rdnews.al\/index.php\/wp-json\/wp\/v2\/users\/4"}],"replies":[{"embeddable":true,"href":"https:\/\/rdnews.al\/index.php\/wp-json\/wp\/v2\/comments?post=123319"}],"version-history":[{"count":2,"href":"https:\/\/rdnews.al\/index.php\/wp-json\/wp\/v2\/posts\/123319\/revisions"}],"predecessor-version":[{"id":123322,"href":"https:\/\/rdnews.al\/index.php\/wp-json\/wp\/v2\/posts\/123319\/revisions\/123322"}],"wp:featuredmedia":[{"embeddable":true,"href":"https:\/\/rdnews.al\/index.php\/wp-json\/wp\/v2\/media\/123102"}],"wp:attachment":[{"href":"https:\/\/rdnews.al\/index.php\/wp-json\/wp\/v2\/media?parent=123319"}],"wp:term":[{"taxonomy":"category","embeddable":true,"href":"https:\/\/rdnews.al\/index.php\/wp-json\/wp\/v2\/categories?post=123319"},{"taxonomy":"post_tag","embeddable":true,"href":"https:\/\/rdnews.al\/index.php\/wp-json\/wp\/v2\/tags?post=123319"}],"curies":[{"name":"wp","href":"https:\/\/api.w.org\/{rel}","templated":true}]}}