{"id":123326,"date":"2025-09-15T20:48:36","date_gmt":"2025-09-15T20:48:36","guid":{"rendered":"https:\/\/rdnews.al\/?p=123326"},"modified":"2025-09-15T20:48:36","modified_gmt":"2025-09-15T20:48:36","slug":"synon-instalimin-e-autokracise-ndoja-rama-jo-kryeminister-i-dale-nga-zgjedhje-te-lira","status":"publish","type":"post","link":"https:\/\/rdnews.al\/index.php\/2025\/09\/15\/synon-instalimin-e-autokracise-ndoja-rama-jo-kryeminister-i-dale-nga-zgjedhje-te-lira\/","title":{"rendered":"Synon instalimin e autokracis\u00eb\/ Ndoja: Rama, jo Kryeminist\u00ebr i dal\u00eb nga zgjedhje t\u00eb lira"},"content":{"rendered":"<p>E ndjej me vend t\u00eb b\u00ebj k\u00ebt\u00eb status, nisur nga formimi im profesional, por edhe pozicioni i p\u00ebrfaq\u00ebsuesit n\u00eb Kuvendin e Shqip\u00ebris\u00eb, pasi mora vesh lajmin q\u00eb personi i mandatuar nga Presidenti i Republik\u00ebs si Kryeminist\u00ebr i vendit ka derdhur nj\u00eb lum\u00eb akuzash ndaj nj\u00eb gjyqtari t\u00eb Gjykat\u00ebs s\u00eb Shkall\u00ebs s\u00eb Par\u00eb Administrative Tiran\u00eb, si dhe ka b\u00ebr\u00eb paralajm\u00ebrime k\u00ebrc\u00ebnuese ndaj gjyqtar\u00ebve t\u00eb tjer\u00eb q\u00eb ushtrojn\u00eb k\u00ebt\u00eb funksion n\u00eb Republik\u00ebn e Shqip\u00ebris\u00eb.<\/p>\n<p>N\u00eb fakt kjo gj\u00eb \u00ebsht\u00eb e p\u00ebrs\u00ebritur edhe p\u00ebr prokuror\u00eb e gjyqtare t\u00eb tjer\u00eb, fakt ky i njohur bot\u00ebrisht.<\/p>\n<p>Reagimet kan\u00eb qen\u00eb t\u00eb ndryshme, nd\u00ebrkoh\u00eb q\u00eb un\u00eb p\u00ebr her\u00eb t\u00eb par\u00eb po reagoj publikisht.<\/p>\n<p>N\u00eb asnj\u00eb vend t\u00eb bot\u00ebs nuk gjykohen gjyqtar\u00ebt dhe as prokuror\u00ebt p\u00ebr vendimet q\u00eb ata japin, por p\u00ebr shkaqet dhe arsyet qe i \u00e7uan ata q\u00eb t\u00eb japin k\u00ebt\u00eb vendim.<\/p>\n<p>N\u00eb k\u00ebt\u00eb kontekst rezulton se shkaqet dhe arsyet jan\u00eb vet\u00ebm dy:<\/p>\n<p>A) paaft\u00ebsia profesionale,<\/p>\n<p>B) mitmarrja.<\/p>\n<p>P\u00ebr t\u00eb par\u00ebn mund t\u00eb merren organet p\u00ebrkat\u00ebse q\u00eb kontrollojn\u00eb veprimtarin\u00eb e gjyq\u00ebsorit.<\/p>\n<p>P\u00ebr t\u00eb dyt\u00ebn \u00ebsht\u00eb organi i Prokuroris\u00eb s\u00eb Posa\u00e7me q\u00eb t\u00eb b\u00ebj\u00eb hetimet p\u00ebrkat\u00ebse.<\/p>\n<p>Theksoj se jan\u00eb disa nene n\u00eb Kushtetut\u00ebn e Republik\u00ebs s\u00eb Shqip\u00ebris\u00eb q\u00eb ligji m\u00eb i lart\u00eb n\u00eb hierarkin\u00eb e akteve ligjore q\u00eb veprojn\u00eb n\u00eb vendin ton\u00eb.<\/p>\n<p>N\u00eb nenin 4 t\u00eb saj parashikohet shprehimisht se:<\/p>\n<p>\u201c1. E drejta p\u00ebrb\u00ebn baz\u00ebn dhe kufinjt\u00eb e veprimtaris\u00eb s\u00eb shtetit.<\/p>\n<p>2. Kushtetuta \u00ebsht\u00eb ligji m\u00eb i lart\u00eb n\u00eb Republik\u00ebn e Shqip\u00ebris\u00eb.<\/p>\n<p>3. Dispozitat e Kushtetut\u00ebs zbatohen drejtep\u00ebrdrejt\u00eb, p\u00ebrve\u00e7 rasteve kur Kushtetuta parashikon ndryshe.\u201d<\/p>\n<p>N\u00eb nenin 7 t\u00eb saj Kushtetuta parashikon shprehimisht se: \u201cSistemi i qeverisjes n\u00eb Republik\u00ebn e Shqip\u00ebris\u00eb bazohet n\u00eb ndarjen dhe balancimin nd\u00ebrmjet pushteteve ligjv\u00ebn\u00ebs, ekzekutiv dhe gjyq\u00ebsor.\u201d<\/p>\n<p>N\u00eb nenin 145 te Kushtetut\u00ebs parashikohet shprehimisht se:<\/p>\n<p>\u201c1. Gjyqtar\u00ebt jan\u00eb t\u00eb pavarur dhe u n\u00ebnshtrohen vet\u00ebm Kushtetut\u00ebs dhe ligjeve.<\/p>\n<p>2. Kur gjyqtar\u00ebt \u00e7mojn\u00eb se ligjet vijn\u00eb n\u00eb kund\u00ebrshtim me Kushtetut\u00ebn, nuk i zbatojn\u00eb ato. N\u00eb k\u00ebt\u00eb rast, ata pezullojn\u00eb gjykimin dhe ia d\u00ebrgojn\u00eb \u00e7\u00ebshtjen Gjykat\u00ebs Kushtetuese. Vendimet e Gjykat\u00ebs Kushtetuese jan\u00eb t\u00eb detyrueshme p\u00ebr t\u00eb gjitha gjykatat.<\/p>\n<p>3. Nd\u00ebrhyrja n\u00eb veprimtarin\u00eb e gjykatave ose gjyqtar\u00ebve passjell p\u00ebrgjegj\u00ebsi sipas ligjit\u201d.<\/p>\n<p>Vet\u00ebm nga leximi i k\u00ebtyre dispozitave kuptohet qart\u00eb se kemi t\u00eb b\u00ebjm\u00eb me shkelje flagrante t\u00eb Kushtetut\u00ebs dhe nd\u00ebrhyrje nga pushteti ekzekutiv n\u00eb at\u00eb gjyq\u00ebsor, n\u00ebp\u00ebrmjet deklaratave t\u00eb tilla k\u00ebrc\u00ebnuese p\u00ebr intimidimin e Gjyqtar\u00ebve dhe Prokuror\u00ebve n\u00eb Republik\u00ebn e Shqip\u00ebris\u00eb.<\/p>\n<p>Ky status i imi ka p\u00ebr q\u00ebllim pasqyrimin e faktit dhe baz\u00ebs ligjore p\u00ebrkat\u00ebse q\u00eb \u00ebsht\u00eb shkelur, me q\u00ebllim q\u00eb publiku t\u00eb marr\u00eb informacion p\u00ebr gjykimin e mbajtjen q\u00ebndrim t\u00eb ketij rasti, si dhe p\u00ebr k\u00ebshilltar\u00ebt e mentor\u00ebt e Kryeministrit q\u00eb ta k\u00ebshillojn\u00eb n\u00eb t\u00eb ardhmen q\u00eb t\u00eb mos shkel\u00eb ligjin themeltar t\u00eb shtetit, pasi ai vet\u00eb nuk i p\u00ebrket fush\u00ebs s\u00eb ligjit dhe \u00ebsht\u00eb pa njohuri n\u00eb k\u00ebt\u00eb drejtim.<\/p>\n<p>Nga ana tjet\u00ebr, ky status ka p\u00ebr q\u00ebllim t\u00eb inkurajoj\u00eb pushtetin gjyq\u00ebsor n\u00eb Republik\u00ebn e Shqip\u00ebris\u00eb q\u00eb t\u00eb vazhdoj\u00eb t\u00eb funksionoj\u00eb n\u00eb p\u00ebrputhje me nenin 145 t\u00eb Kushtetut\u00ebs. Gjyqtar\u00ebt nuk i n\u00ebnshtrohen\u00a0askujt, por realizojn\u00eb dh\u00ebnien e drejt\u00ebsis\u00eb t\u00ebr\u00ebsisht t\u00eb pavarur, bazuar n\u00eb Kushtetut\u00ebn dhe aktet e tjera ligjore q\u00eb kan\u00eb vler\u00eb e zbatohen n\u00eb Republik\u00ebn e Shqip\u00ebris\u00eb<\/p>\n<p>Gjithashtu, ky status ka p\u00ebr q\u00ebllim t\u00eb nd\u00ebrgjegj\u00ebsoj\u00eb edhe opinionin publik q\u00eb nj\u00eb gjuhe e till\u00eb k\u00ebrc\u00ebnuese nuk i sh\u00ebrben t\u00eb ardhmes se k\u00ebtij vendi, dhe q\u00eb nj\u00eb Kryeminist\u00ebr i tille, q\u00eb \u00ebsht\u00eb rezultat i zgjedhjeve jo t\u00eb lira dhe demokratike, po shfaq hapur dita dit\u00ebs ambiciet e tij autokratike, p\u00ebr t\u00eb ndryshuar edhe form\u00ebn e organizimit t\u00eb shtetit!<\/p>\n","protected":false},"excerpt":{"rendered":"<p>E ndjej me vend t\u00eb b\u00ebj k\u00ebt\u00eb status, nisur nga formimi im profesional, por edhe pozicioni i p\u00ebrfaq\u00ebsuesit n\u00eb Kuvendin e Shqip\u00ebris\u00eb, pasi mora vesh lajmin q\u00eb personi i mandatuar nga Presidenti i Republik\u00ebs si Kryeminist\u00ebr i vendit ka derdhur nj\u00eb lum\u00eb akuzash ndaj nj\u00eb gjyqtari t\u00eb Gjykat\u00ebs s\u00eb Shkall\u00ebs s\u00eb Par\u00eb Administrative Tiran\u00eb, si &hellip;<\/p>\n","protected":false},"author":3,"featured_media":123327,"comment_status":"closed","ping_status":"closed","sticky":false,"template":"","format":"standard","meta":{"footnotes":""},"categories":[37],"tags":[],"class_list":["post-123326","post","type-post","status-publish","format-standard","has-post-thumbnail","","category-politike"],"_links":{"self":[{"href":"https:\/\/rdnews.al\/index.php\/wp-json\/wp\/v2\/posts\/123326","targetHints":{"allow":["GET"]}}],"collection":[{"href":"https:\/\/rdnews.al\/index.php\/wp-json\/wp\/v2\/posts"}],"about":[{"href":"https:\/\/rdnews.al\/index.php\/wp-json\/wp\/v2\/types\/post"}],"author":[{"embeddable":true,"href":"https:\/\/rdnews.al\/index.php\/wp-json\/wp\/v2\/users\/3"}],"replies":[{"embeddable":true,"href":"https:\/\/rdnews.al\/index.php\/wp-json\/wp\/v2\/comments?post=123326"}],"version-history":[{"count":1,"href":"https:\/\/rdnews.al\/index.php\/wp-json\/wp\/v2\/posts\/123326\/revisions"}],"predecessor-version":[{"id":123328,"href":"https:\/\/rdnews.al\/index.php\/wp-json\/wp\/v2\/posts\/123326\/revisions\/123328"}],"wp:featuredmedia":[{"embeddable":true,"href":"https:\/\/rdnews.al\/index.php\/wp-json\/wp\/v2\/media\/123327"}],"wp:attachment":[{"href":"https:\/\/rdnews.al\/index.php\/wp-json\/wp\/v2\/media?parent=123326"}],"wp:term":[{"taxonomy":"category","embeddable":true,"href":"https:\/\/rdnews.al\/index.php\/wp-json\/wp\/v2\/categories?post=123326"},{"taxonomy":"post_tag","embeddable":true,"href":"https:\/\/rdnews.al\/index.php\/wp-json\/wp\/v2\/tags?post=123326"}],"curies":[{"name":"wp","href":"https:\/\/api.w.org\/{rel}","templated":true}]}}