{"id":123337,"date":"2025-09-16T08:08:59","date_gmt":"2025-09-16T08:08:59","guid":{"rendered":"https:\/\/rdnews.al\/?p=123337"},"modified":"2025-09-16T08:08:59","modified_gmt":"2025-09-16T08:08:59","slug":"vance-zotohet-per-shkaterrimin-e-soros-sulmi-ne-mediat-e-tij-ndaj-charlie-kirk-irriton-amerikanet","status":"publish","type":"post","link":"https:\/\/rdnews.al\/index.php\/2025\/09\/16\/vance-zotohet-per-shkaterrimin-e-soros-sulmi-ne-mediat-e-tij-ndaj-charlie-kirk-irriton-amerikanet\/","title":{"rendered":"Vance zotohet p\u00ebr shkat\u00ebrrimin e Soros\/ Sulmi n\u00eb mediat e tij ndaj Charlie Kirk irriton amerikan\u00ebt"},"content":{"rendered":"<p><strong>Nga Charlie Spiering,\u00a0<a href=\"https:\/\/www.dailymail.co.uk\/news\/article-15101255\/jd-vance-george-soros-charlie-kirk.html\" target=\"_blank\" rel=\"noopener\">DAILY MAIL<\/a><\/strong><\/p>\n<p>N\u00ebnpresidenti JD Vance ve\u00e7oi filantropist\u00eb t\u00eb krahut t\u00eb majt\u00eb si George Soros dhe organizata t\u00eb tjera joqeveritare t\u00eb h\u00ebn\u00ebn, duke i akuzuar se po nxisin urrejtjen e majt\u00eb kund\u00ebr njer\u00ebzve si aktivisti konservator Charlie Kirk, i cili u q\u00ebllua p\u00ebr vdekje t\u00eb m\u00ebrkur\u00ebn.<\/p>\n<p>Kirk, nj\u00eb aktivist konservator i njohur p\u00ebr debatet e tij n\u00eb kampuse universitare, u vra jav\u00ebn e kaluar. Autoritetet arrestuan t\u00eb premten 22-vje\u00e7arin Tyler Robinson, i cili \u00ebsht\u00eb n\u00eb pritje t\u00eb akuzave.<\/p>\n<p>Vance iu referua nj\u00eb artikulli n\u00eb revist\u00ebn e majt\u00eb \u2018The Nation\u2019 rreth vrasjes s\u00eb Kirk dhe pretendoi se autori me q\u00ebllim kishte \u201cg\u00ebnjyer\u201d p\u00ebr di\u00e7ka q\u00eb Kirk kishte th\u00ebn\u00eb lidhur me \u00e7\u00ebshtjet racore. Artikulli gjithashtu pretendonte se Kirk ishte nj\u00eb \u201cracist, transfob, homofob dhe mizogjinist i paturpsh\u00ebm\u201d dhe nuk meritonte t\u00eb vler\u00ebsohej.<\/p>\n<p>Vance zbuloi se Fondacioni \u2018Open Society\u2019 i financuar nga Soros dhe Fondacioni \u2018Ford\u2019 kishin financuar artikullin \u201ce neveritsh\u00ebm\u201d n\u00eb \u2018The Nation\u2019, p\u00ebr t\u00eb cilin ai tha se po \u201cjustifikonte vdekjen e Charlie-t.\u201d<\/p>\n<p>Z\u00ebvend\u00ebspresidenti u zotua se qeveria federale do t\u00eb punoj\u00eb p\u00ebr t\u00eb \u201cshkat\u00ebrruar institucionet q\u00eb promovojn\u00eb dhun\u00ebn dhe terrorizmin brenda vendit ton\u00eb\u201d n\u00eb muajt e ardhsh\u00ebm dhe u b\u00ebri thirrje ndjek\u00ebsve t\u00eb tij t\u00eb ken\u00eb durim me ecurin\u00eb e k\u00ebtij procesi.<\/p>\n<p>Ai pranoi se kishte nevoj\u00eb p\u00ebr m\u00eb shum\u00eb qytetari politike dhe unitet n\u00eb vend, por hodhi posht\u00eb iden\u00eb se t\u00eb dy pal\u00ebt e spektrit politik ishin fajtor\u00eb.<\/p>\n<p>\u201cKy nuk \u00ebsht\u00eb nj\u00eb problem i \u2018t\u00eb dy pal\u00ebve\u2019,\u201d tha ai. \u201c\u00cbsht\u00eb nj\u00eb fakt statistikor q\u00eb shumica e t\u00eb \u00e7mendurve n\u00eb politik\u00ebn amerikane sot jan\u00eb an\u00ebtar\u00eb krenar\u00eb t\u00eb s\u00eb majt\u00ebs ekstreme.\u201d<\/p>\n<p>Duke ngritur z\u00ebrin, Vance shpalli se nuk kishte \u201casnj\u00eb unitet\u201d p\u00ebr t\u2019u gjetur me t\u00eb majt\u00ebn radikale ekstreme, e cila sipas tij po nxit gjithnj\u00eb e m\u00eb shum\u00eb dhun\u00eb kund\u00ebr an\u00ebtar\u00ebve t\u00eb administrat\u00ebs Trump.<\/p>\n<p>\u201cNuk ka unitet me dik\u00eb q\u00eb g\u00ebnjen p\u00ebr at\u00eb q\u00eb tha Charlie Kirk p\u00ebr t\u00eb justifikuar vrasjen e tij\u2026 nuk ka unitet me ata q\u00eb festojn\u00eb vrasjen e Charlie Kirk, dhe nuk ka unitet me ata q\u00eb financojn\u00eb k\u00ebto artikuj, q\u00eb paguajn\u00eb pagat e k\u00ebtyre simpatizant\u00ebve t\u00eb terrorist\u00ebve,\u201d tha ai.<\/p>\n<p>Nj\u00eb z\u00ebdh\u00ebn\u00ebs i \u2018Open Society Foundations\u2019 i tha Daily Mail se organizata kishte \u201cd\u00ebnuar pa ekuivok vrasjen e tmerrshme t\u00eb Charlie Kirk.\u201d<\/p>\n<p>\u201c\u00cbsht\u00eb e turpshme q\u00eb kjo tragjedi po p\u00ebrdoret p\u00ebr q\u00ebllime politike p\u00ebr t\u00eb ndar\u00eb rreziksh\u00ebm amerikan\u00ebt dhe p\u00ebr t\u00eb sulmuar Amendamentin e Par\u00eb,\u201d tha z\u00ebdh\u00ebn\u00ebsi n\u00eb p\u00ebrgjigje t\u00eb komenteve t\u00eb Vance.<\/p>\n<p>Fondacioni \u2018Ford\u2019 sqaroi n\u00eb nj\u00eb deklarat\u00eb p\u00ebr \u2018Daily Mail\u2019 se nuk kishte ofruar asnj\u00eb financim p\u00ebr revist\u00ebn \u2018The Nation\u2019 q\u00eb nga viti 2019 dhe se d\u00ebnonte dhun\u00ebn e motivuar politikisht.<\/p>\n<p>\u201cVrasja e Charlie Kirk ishte nj\u00eb akt i tmerrsh\u00ebm dhune,\u201d tha fondacioni p\u00ebr \u2018Daily Mail\u2019. \u201cNe shprehim ngush\u00ebllimet tona m\u00eb t\u00eb thella p\u00ebr familjen dhe t\u00eb dashurit e tij.\u201d<\/p>\n<p>Z\u00ebvend\u00ebspresidenti sakt\u00ebsoi se administrata Trump nuk do t\u00eb ndjek\u00eb \u201cfjal\u00ebn e mbrojtur me Kushtetut\u00eb,\u201d por p\u00ebrkundrazi \u201crrjetet e OJQ-ve q\u00eb nxisin, leht\u00ebsojn\u00eb dhe angazhohen n\u00eb dhun\u00eb\u201d.<\/p>\n<p>Vance foli p\u00ebr vdekjen e Kirk n\u00eb emisionin radiofonik t\u00eb ish-aktivistit, duke drejtuar programin nga zyra e tij n\u00eb nd\u00ebrtes\u00ebn ekzekutive t\u00eb Sht\u00ebpis\u00eb s\u00eb Bardh\u00eb. Ai gjithashtu solli n\u00eb program Z\u00ebvend\u00ebsshefin e Stafit, Stephen Miller, p\u00ebr t\u00eb folur rreth objektivave t\u00eb tyre p\u00ebr t\u00eb \u201cidentifikuar, nd\u00ebrprer\u00eb dhe \u00e7montuar\u201d organizatat e majta q\u00eb po organizonin dhe promovonin dhun\u00eb fizike.<\/p>\n<p>Miller pranoi se po p\u00ebrjetonte si \u201ctrishtim t\u00eb jasht\u00ebzakonsh\u00ebm\u201d ashtu edhe \u201czem\u00ebrim t\u00eb jasht\u00ebzakonsh\u00ebm\u201d pas vdekjes s\u00eb mikut t\u00eb tij dhe u zotua se do ta kanalizonte zem\u00ebrimin e tij n\u00eb veprim kund\u00ebr s\u00eb majt\u00ebs.<\/p>\n<p>\u201cE v\u00ebrteta p\u00ebr zem\u00ebrimin \u00ebsht\u00eb se nj\u00eb zem\u00ebrim i paqart\u00eb ose nj\u00eb inat i verb\u00ebr nuk \u00ebsht\u00eb nj\u00eb emocion produktiv, por zem\u00ebrimi i p\u00ebrqendruar, zem\u00ebrimi i drejt\u00eb, i drejtuar p\u00ebr nj\u00eb kauz\u00eb t\u00eb drejt\u00eb, \u00ebsht\u00eb nj\u00eb nga agjent\u00ebt m\u00eb t\u00eb r\u00ebnd\u00ebsish\u00ebm t\u00eb ndryshimit n\u00eb historin\u00eb njer\u00ebzore,\u201d tha Miller.<\/p>\n<p>\u201cAmen,\u201d u p\u00ebrgjigj Vance.<\/p>\n","protected":false},"excerpt":{"rendered":"<p>Nga Charlie Spiering,\u00a0DAILY MAIL N\u00ebnpresidenti JD Vance ve\u00e7oi filantropist\u00eb t\u00eb krahut t\u00eb majt\u00eb si George Soros dhe organizata t\u00eb tjera joqeveritare t\u00eb h\u00ebn\u00ebn, duke i akuzuar se po nxisin urrejtjen e majt\u00eb kund\u00ebr njer\u00ebzve si aktivisti konservator Charlie Kirk, i cili u q\u00ebllua p\u00ebr vdekje t\u00eb m\u00ebrkur\u00ebn. Kirk, nj\u00eb aktivist konservator i njohur p\u00ebr debatet &hellip;<\/p>\n","protected":false},"author":3,"featured_media":123340,"comment_status":"closed","ping_status":"closed","sticky":false,"template":"","format":"standard","meta":{"footnotes":""},"categories":[38],"tags":[],"class_list":["post-123337","post","type-post","status-publish","format-standard","has-post-thumbnail","","category-bota"],"_links":{"self":[{"href":"https:\/\/rdnews.al\/index.php\/wp-json\/wp\/v2\/posts\/123337","targetHints":{"allow":["GET"]}}],"collection":[{"href":"https:\/\/rdnews.al\/index.php\/wp-json\/wp\/v2\/posts"}],"about":[{"href":"https:\/\/rdnews.al\/index.php\/wp-json\/wp\/v2\/types\/post"}],"author":[{"embeddable":true,"href":"https:\/\/rdnews.al\/index.php\/wp-json\/wp\/v2\/users\/3"}],"replies":[{"embeddable":true,"href":"https:\/\/rdnews.al\/index.php\/wp-json\/wp\/v2\/comments?post=123337"}],"version-history":[{"count":1,"href":"https:\/\/rdnews.al\/index.php\/wp-json\/wp\/v2\/posts\/123337\/revisions"}],"predecessor-version":[{"id":123341,"href":"https:\/\/rdnews.al\/index.php\/wp-json\/wp\/v2\/posts\/123337\/revisions\/123341"}],"wp:featuredmedia":[{"embeddable":true,"href":"https:\/\/rdnews.al\/index.php\/wp-json\/wp\/v2\/media\/123340"}],"wp:attachment":[{"href":"https:\/\/rdnews.al\/index.php\/wp-json\/wp\/v2\/media?parent=123337"}],"wp:term":[{"taxonomy":"category","embeddable":true,"href":"https:\/\/rdnews.al\/index.php\/wp-json\/wp\/v2\/categories?post=123337"},{"taxonomy":"post_tag","embeddable":true,"href":"https:\/\/rdnews.al\/index.php\/wp-json\/wp\/v2\/tags?post=123337"}],"curies":[{"name":"wp","href":"https:\/\/api.w.org\/{rel}","templated":true}]}}