{"id":123393,"date":"2025-09-16T12:11:57","date_gmt":"2025-09-16T12:11:57","guid":{"rendered":"https:\/\/rdnews.al\/?p=123393"},"modified":"2025-09-16T12:11:57","modified_gmt":"2025-09-16T12:11:57","slug":"berisha-betohemi-mbi-kushtetute-se-do-ua-cjerrim-masken-ju-jeni-rrezik-per-europen-dhe-shba-te","status":"publish","type":"post","link":"https:\/\/rdnews.al\/index.php\/2025\/09\/16\/berisha-betohemi-mbi-kushtetute-se-do-ua-cjerrim-masken-ju-jeni-rrezik-per-europen-dhe-shba-te\/","title":{"rendered":"Berisha: Betohemi mbi Kushtetut\u00eb se do ua \u00e7jerrim mask\u00ebn! Ju jeni rrezik p\u00ebr Europ\u00ebn dhe SHBA-t\u00eb!"},"content":{"rendered":"<p>Kryetari i PD, Sali Berisha, gjat\u00eb fjal\u00ebs s\u00eb tij n\u00eb Kuvend tha se, betohemi mbi Kushtetut\u00eb se do ua \u00e7jerrim mask\u00ebn! Ai tha se, ju jeni rrezik p\u00ebr Europ\u00ebn dhe SHBA-t\u00eb, se bashk\u00ebpunoni me organizata terroriste<\/p>\n<p>Berisha tha m\u00eb tej se, q\u00ebllimi i opozit\u00ebs \u00ebsht\u00eb t\u00eb tregoj\u00eb hapur se \u00e7far\u00eb rreziku paraqet mazhoranca p\u00ebr shqiptar\u00ebt, Ballkanin, Europ\u00ebn dhe Shtetet e Bashkuara.<\/p>\n<p>\u201cPor dhe nj\u00eb gj\u00eb dua t\u00eb them.<\/p>\n<p>E p\u00ebrmend\u00ebt Brukselin sot. E v\u00ebrteta \u00ebsht\u00eb se ajo dat\u00eb \u00ebsht\u00eb caktuar 4 muaj para, por dhe ne jemi k\u00ebtu p\u00ebr tu betuar n\u00eb k\u00ebt\u00eb Kushtetut\u00eb dhe para shqiptar\u00ebve se, do t\u00eb b\u00ebjm\u00eb gjith\u00e7ka t\u00eb ua \u00e7jerrim mask\u00ebn, para shqiptar\u00ebve, para europian\u00ebve dhe para bot\u00ebs.<\/p>\n<p>T\u00eb tregojm\u00eb se \u00e7far\u00eb rreziku paraqisni ju p\u00ebr shqiptar\u00ebt.<\/p>\n<p>Se \u00e7far\u00eb rreziku jeni ju p\u00ebr Ballkanin, se \u00e7far\u00eb rreziku jeni ju Europ\u00ebn, se \u00e7far\u00eb rreziku jeni ju p\u00ebr SHBA-t\u00eb.<\/p>\n<p>Tre dit\u00eb m\u00eb par\u00eb ju erdhi mesazhi, por e kap\u00ebrcyet. Mesazhi ishte i qart\u00eb se, ata miqt\u00eb tuaj, d\u00ebgjojeni se nuk po ua p\u00ebrmend me emra, ata tregojn\u00eb dhe negociojn\u00eb me organizata terroriste t\u00eb deklaruara nga Donald Trump n\u00eb Amerik\u00ebn Latine.<\/p>\n<p>E d\u00ebgjuat k\u00ebt\u00eb apo jo? Por kush jan\u00eb ata miqt\u00eb tuaj, jeni ju. Se ata miqt\u00eb tuaj, por t\u00eb mos i mbulonit ju, ata ishin t\u00eb gjith\u00eb n\u00eb burgje.<\/p>\n<p>Po t\u00eb mos i mbronit ju me Dumanin tuaj, ata ishin t\u00eb gjith\u00eb n\u00eb burgje.<\/p>\n<p>Prandaj tik taku, mbajeni mend \u00ebsht\u00eb gj\u00ebja m\u00eb e tmerrshme p\u00ebr ju dhe do ta b\u00ebjm\u00eb edhe m\u00eb t\u00eb tmerrshme.<\/p>\n<p>Ju e hoq\u00ebt Komisionin e Integrimit se, u tmerruar nga fjala e Jorida Tabakut kryetares s\u00eb Komisionit\u201d, tha Berisha.<\/p>\n","protected":false},"excerpt":{"rendered":"<p>Kryetari i PD, Sali Berisha, gjat\u00eb fjal\u00ebs s\u00eb tij n\u00eb Kuvend tha se, betohemi mbi Kushtetut\u00eb se do ua \u00e7jerrim mask\u00ebn! Ai tha se, ju jeni rrezik p\u00ebr Europ\u00ebn dhe SHBA-t\u00eb, se bashk\u00ebpunoni me organizata terroriste Berisha tha m\u00eb tej se, q\u00ebllimi i opozit\u00ebs \u00ebsht\u00eb t\u00eb tregoj\u00eb hapur se \u00e7far\u00eb rreziku paraqet mazhoranca p\u00ebr shqiptar\u00ebt, &hellip;<\/p>\n","protected":false},"author":4,"featured_media":123394,"comment_status":"closed","ping_status":"closed","sticky":false,"template":"","format":"standard","meta":{"footnotes":""},"categories":[37],"tags":[],"class_list":["post-123393","post","type-post","status-publish","format-standard","has-post-thumbnail","","category-politike"],"_links":{"self":[{"href":"https:\/\/rdnews.al\/index.php\/wp-json\/wp\/v2\/posts\/123393","targetHints":{"allow":["GET"]}}],"collection":[{"href":"https:\/\/rdnews.al\/index.php\/wp-json\/wp\/v2\/posts"}],"about":[{"href":"https:\/\/rdnews.al\/index.php\/wp-json\/wp\/v2\/types\/post"}],"author":[{"embeddable":true,"href":"https:\/\/rdnews.al\/index.php\/wp-json\/wp\/v2\/users\/4"}],"replies":[{"embeddable":true,"href":"https:\/\/rdnews.al\/index.php\/wp-json\/wp\/v2\/comments?post=123393"}],"version-history":[{"count":1,"href":"https:\/\/rdnews.al\/index.php\/wp-json\/wp\/v2\/posts\/123393\/revisions"}],"predecessor-version":[{"id":123395,"href":"https:\/\/rdnews.al\/index.php\/wp-json\/wp\/v2\/posts\/123393\/revisions\/123395"}],"wp:featuredmedia":[{"embeddable":true,"href":"https:\/\/rdnews.al\/index.php\/wp-json\/wp\/v2\/media\/123394"}],"wp:attachment":[{"href":"https:\/\/rdnews.al\/index.php\/wp-json\/wp\/v2\/media?parent=123393"}],"wp:term":[{"taxonomy":"category","embeddable":true,"href":"https:\/\/rdnews.al\/index.php\/wp-json\/wp\/v2\/categories?post=123393"},{"taxonomy":"post_tag","embeddable":true,"href":"https:\/\/rdnews.al\/index.php\/wp-json\/wp\/v2\/tags?post=123393"}],"curies":[{"name":"wp","href":"https:\/\/api.w.org\/{rel}","templated":true}]}}