{"id":123405,"date":"2025-09-16T13:32:07","date_gmt":"2025-09-16T13:32:07","guid":{"rendered":"https:\/\/rdnews.al\/?p=123405"},"modified":"2025-09-16T13:32:07","modified_gmt":"2025-09-16T13:32:07","slug":"berisha-forcat-e-armatosura-te-shba-po-asgjesojne-anijet-e-trafikanteve-me-te-cilet-bejne-tregti-miqte-e-edi-rames","status":"publish","type":"post","link":"https:\/\/rdnews.al\/index.php\/2025\/09\/16\/berisha-forcat-e-armatosura-te-shba-po-asgjesojne-anijet-e-trafikanteve-me-te-cilet-bejne-tregti-miqte-e-edi-rames\/","title":{"rendered":"Berisha: Forcat e armatosura t\u00eb SHBA po asgj\u00ebsojn\u00eb anijet e trafikant\u00ebve me t\u00eb cil\u00ebt b\u00ebjn\u00eb tregti miqt\u00eb e Edi Ram\u00ebs!"},"content":{"rendered":"<p>Lideri i opozit\u00ebs, Sali Berisha tha se, forcat e armatosura t\u00eb SHBA-s\u00eb po asgj\u00ebsojn\u00eb anijet e trafikant\u00ebve me t\u00eb cil\u00ebt b\u00ebjn\u00eb tregti miqt\u00eb e Edi Ram\u00ebs.<\/p>\n<p>\u201cNe jemi t\u00eb vet\u00ebdijsh\u00ebm se ka zyrtar\u00eb t\u00eb lart\u00eb t\u00eb huaj kur m\u00ebrziten kur d\u00ebgjojn\u00eb p\u00ebr narkoshtet, por ka t\u00eb tjer\u00eb q\u00eb fal\u00ebnderojn\u00eb nga zemra opozit\u00ebn p\u00ebr q\u00ebndrimet, p\u00ebr t\u00eb v\u00ebrtetat, faktet q\u00eb paraqet.<\/p>\n<p>Nj\u00eb proces ka nisur, ta kemi shum\u00eb t\u00eb qart\u00eb.<\/p>\n<p>P\u00ebr her\u00eb t\u00eb par\u00eb, para dy muajve erdh\u00ebn sinjalet, erdhi k\u00ebrkesa p\u00ebr t\u00eb luftuar kartelet e drog\u00ebs.<\/p>\n<p>Tani forca t\u00eb armatosura t\u00eb SHBA-s\u00eb jan\u00eb n\u00eb Karaibe dhe po asgj\u00ebsojn\u00eb anije t\u00eb trafikant\u00ebve me t\u00eb cil\u00ebt b\u00ebjn\u00eb tregti miqt\u00eb e Edi Ram\u00ebs.<\/p>\n<p>Nuk mund ti shp\u00ebtoj\u00eb Edi Rama k\u00ebsaj. Jo, t\u00eb b\u00ebj\u00eb \u00e7\u2019t\u00eb doj\u00eb. Faktet jan\u00eb aq t\u00eb shumta sa q\u00eb jo m\u00eb kot shtypi amerikan e quajti; Ramaduro.<\/p>\n<p>Ishte shum\u00eb dometh\u00ebn\u00ebs etiketimi i tij n\u00eb modelim me Maduron e Venezuel\u00ebs.<\/p>\n<p>Ndaj dhe pavar\u00ebsisht nga ajo frik\u00eb e tmerrshme q\u00eb pat\u00ebn t\u00eb ja l\u00ebn\u00eb opozit\u00ebs Komisionin e Integrimit duhet t\u00eb garantojm\u00eb qytetar\u00ebt shqiptar\u00eb se, ne do shum\u00ebfishojm\u00eb p\u00ebrpjekjet tona p\u00ebr t\u00eb mbrojtur t\u00eb v\u00ebrtetat n\u00eb interesin m\u00eb t\u00eb mir\u00eb t\u00eb gjith\u00ebsecilit prej tyre\u201d, tha Berisha,<\/p>\n","protected":false},"excerpt":{"rendered":"<p>Lideri i opozit\u00ebs, Sali Berisha tha se, forcat e armatosura t\u00eb SHBA-s\u00eb po asgj\u00ebsojn\u00eb anijet e trafikant\u00ebve me t\u00eb cil\u00ebt b\u00ebjn\u00eb tregti miqt\u00eb e Edi Ram\u00ebs. \u201cNe jemi t\u00eb vet\u00ebdijsh\u00ebm se ka zyrtar\u00eb t\u00eb lart\u00eb t\u00eb huaj kur m\u00ebrziten kur d\u00ebgjojn\u00eb p\u00ebr narkoshtet, por ka t\u00eb tjer\u00eb q\u00eb fal\u00ebnderojn\u00eb nga zemra opozit\u00ebn p\u00ebr q\u00ebndrimet, p\u00ebr &hellip;<\/p>\n","protected":false},"author":4,"featured_media":123401,"comment_status":"closed","ping_status":"closed","sticky":false,"template":"","format":"standard","meta":{"footnotes":""},"categories":[37],"tags":[],"class_list":["post-123405","post","type-post","status-publish","format-standard","has-post-thumbnail","","category-politike"],"_links":{"self":[{"href":"https:\/\/rdnews.al\/index.php\/wp-json\/wp\/v2\/posts\/123405","targetHints":{"allow":["GET"]}}],"collection":[{"href":"https:\/\/rdnews.al\/index.php\/wp-json\/wp\/v2\/posts"}],"about":[{"href":"https:\/\/rdnews.al\/index.php\/wp-json\/wp\/v2\/types\/post"}],"author":[{"embeddable":true,"href":"https:\/\/rdnews.al\/index.php\/wp-json\/wp\/v2\/users\/4"}],"replies":[{"embeddable":true,"href":"https:\/\/rdnews.al\/index.php\/wp-json\/wp\/v2\/comments?post=123405"}],"version-history":[{"count":1,"href":"https:\/\/rdnews.al\/index.php\/wp-json\/wp\/v2\/posts\/123405\/revisions"}],"predecessor-version":[{"id":123406,"href":"https:\/\/rdnews.al\/index.php\/wp-json\/wp\/v2\/posts\/123405\/revisions\/123406"}],"wp:featuredmedia":[{"embeddable":true,"href":"https:\/\/rdnews.al\/index.php\/wp-json\/wp\/v2\/media\/123401"}],"wp:attachment":[{"href":"https:\/\/rdnews.al\/index.php\/wp-json\/wp\/v2\/media?parent=123405"}],"wp:term":[{"taxonomy":"category","embeddable":true,"href":"https:\/\/rdnews.al\/index.php\/wp-json\/wp\/v2\/categories?post=123405"},{"taxonomy":"post_tag","embeddable":true,"href":"https:\/\/rdnews.al\/index.php\/wp-json\/wp\/v2\/tags?post=123405"}],"curies":[{"name":"wp","href":"https:\/\/api.w.org\/{rel}","templated":true}]}}