{"id":123407,"date":"2025-09-16T13:37:12","date_gmt":"2025-09-16T13:37:12","guid":{"rendered":"https:\/\/rdnews.al\/?p=123407"},"modified":"2025-09-16T13:37:12","modified_gmt":"2025-09-16T13:37:12","slug":"pd-cakton-4-kryetaret-e-komisioneve-parlamentare-qe-do-te-drejtoje-opozita-emrat","status":"publish","type":"post","link":"https:\/\/rdnews.al\/index.php\/2025\/09\/16\/pd-cakton-4-kryetaret-e-komisioneve-parlamentare-qe-do-te-drejtoje-opozita-emrat\/","title":{"rendered":"PD cakton 4 kryetar\u00ebt e Komisioneve parlamentare q\u00eb do t\u00eb drejtoj\u00eb opozita (emrat)"},"content":{"rendered":"<p>Partia Demokratike ka caktuar 4 kryetar\u00ebt e Komisioneve Hetimore Parlamentare q\u00eb do t\u00eb drejtoj\u00eb opozita n\u00eb Kuvendin e Shqip\u00ebris\u00eb gjat\u00eb k\u00ebsaj legjislature. Emrat u caktuan gjat\u00eb mbledhjes s\u00eb Grupit Parlamentar t\u00eb PD-s\u00eb n\u00eb selin\u00eb blu mesdit\u00ebn e sotme.<\/p>\n<p><strong>Kryetar\u00ebt e komisioneve q\u00eb do t\u00eb drejtoj\u00eb opozita:<\/strong><\/p>\n<p>Komisioni p\u00ebr Edukimin, Shkenc\u00ebn dhe sportet \u2013 Lu\u00e7iano Bo\u00e7i<\/p>\n<p>Komisioni p\u00ebr Kultur\u00ebn, Turizmin dhe Diaspor\u00ebn \u2013 Ina Zhupa<\/p>\n<p>Komisioni p\u00ebr Drejtat e Njeriut dhe Mjetet e Informimit Publik \u2013 Jorida Tabaku<\/p>\n<p>Komisioni p\u00ebr Sh\u00ebndet\u00ebsin\u00eb dhe Mir\u00ebq\u00ebnien Sociale \u2013 Bardh Spahia<\/p>\n<p><strong>N\u00ebnkryetar\u00ebt n\u00eb komisionet e tjera parlamentare:<\/strong><\/p>\n<p>Komisioni p\u00ebr Ekonomin\u00eb, Pun\u00ebsimin dhe Financat \u2013 n\u00ebnkryetar Eno Bozo<\/p>\n<p>Komisioni p\u00ebr \u00c7\u00ebshtjet Ligjore dhe Administrat\u00ebn Publike \u2013 n\u00ebnkryetar Oerd Bylykbashi<\/p>\n<p>Komisioni p\u00ebr \u00c7\u00ebshtjet e Brendshme dhe t\u00eb Mbrojtjes \u2013 n\u00ebnkryetar Klevis Balliu<\/p>\n<p>Komisioni p\u00ebr Burimet Natyrore, Infrastruktur\u00ebn dhe Zhvillimin e Q\u00ebndruesh\u00ebm \u2013 n\u00ebnkryetar Bledi Him\u00e7i<\/p>\n<p>Komisioni p\u00ebr Bujq\u00ebsin\u00eb, Ushqimin dhe Zhvillimin Rural \u2013 n\u00ebnkryetar Xhelal Mziu<\/p>\n<p>Komisioni p\u00ebr Evrop\u00ebn dhe Pun\u00ebt e Jashtme \u2013 n\u00ebnkryetar Albana Vokshi<\/p>\n<p>Komisioni p\u00ebr Nismat Qytetare, Bashk\u00ebpunimin dhe Mbik\u00ebqyrjen Institucionale \u2013 n\u00ebnkryetar Ivi Kaso<\/p>\n","protected":false},"excerpt":{"rendered":"<p>Partia Demokratike ka caktuar 4 kryetar\u00ebt e Komisioneve Hetimore Parlamentare q\u00eb do t\u00eb drejtoj\u00eb opozita n\u00eb Kuvendin e Shqip\u00ebris\u00eb gjat\u00eb k\u00ebsaj legjislature. Emrat u caktuan gjat\u00eb mbledhjes s\u00eb Grupit Parlamentar t\u00eb PD-s\u00eb n\u00eb selin\u00eb blu mesdit\u00ebn e sotme. Kryetar\u00ebt e komisioneve q\u00eb do t\u00eb drejtoj\u00eb opozita: Komisioni p\u00ebr Edukimin, Shkenc\u00ebn dhe sportet \u2013 Lu\u00e7iano Bo\u00e7i &hellip;<\/p>\n","protected":false},"author":4,"featured_media":89408,"comment_status":"closed","ping_status":"closed","sticky":false,"template":"","format":"standard","meta":{"footnotes":""},"categories":[37],"tags":[],"class_list":["post-123407","post","type-post","status-publish","format-standard","has-post-thumbnail","","category-politike"],"_links":{"self":[{"href":"https:\/\/rdnews.al\/index.php\/wp-json\/wp\/v2\/posts\/123407","targetHints":{"allow":["GET"]}}],"collection":[{"href":"https:\/\/rdnews.al\/index.php\/wp-json\/wp\/v2\/posts"}],"about":[{"href":"https:\/\/rdnews.al\/index.php\/wp-json\/wp\/v2\/types\/post"}],"author":[{"embeddable":true,"href":"https:\/\/rdnews.al\/index.php\/wp-json\/wp\/v2\/users\/4"}],"replies":[{"embeddable":true,"href":"https:\/\/rdnews.al\/index.php\/wp-json\/wp\/v2\/comments?post=123407"}],"version-history":[{"count":1,"href":"https:\/\/rdnews.al\/index.php\/wp-json\/wp\/v2\/posts\/123407\/revisions"}],"predecessor-version":[{"id":123408,"href":"https:\/\/rdnews.al\/index.php\/wp-json\/wp\/v2\/posts\/123407\/revisions\/123408"}],"wp:featuredmedia":[{"embeddable":true,"href":"https:\/\/rdnews.al\/index.php\/wp-json\/wp\/v2\/media\/89408"}],"wp:attachment":[{"href":"https:\/\/rdnews.al\/index.php\/wp-json\/wp\/v2\/media?parent=123407"}],"wp:term":[{"taxonomy":"category","embeddable":true,"href":"https:\/\/rdnews.al\/index.php\/wp-json\/wp\/v2\/categories?post=123407"},{"taxonomy":"post_tag","embeddable":true,"href":"https:\/\/rdnews.al\/index.php\/wp-json\/wp\/v2\/tags?post=123407"}],"curies":[{"name":"wp","href":"https:\/\/api.w.org\/{rel}","templated":true}]}}