{"id":123418,"date":"2025-09-16T18:07:22","date_gmt":"2025-09-16T18:07:22","guid":{"rendered":"https:\/\/rdnews.al\/?p=123418"},"modified":"2025-09-16T18:07:22","modified_gmt":"2025-09-16T18:07:22","slug":"ndahet-nga-jeta-mjeshtri-i-kenges-rrik-buneci","status":"publish","type":"post","link":"https:\/\/rdnews.al\/index.php\/2025\/09\/16\/ndahet-nga-jeta-mjeshtri-i-kenges-rrik-buneci\/","title":{"rendered":"Ndahet nga jeta mjeshtri i k\u00ebng\u00ebs, Rrik Buneci"},"content":{"rendered":"<p>Lamtumir\u00eb, mjesht\u00ebr!<br \/>\nSot u nda nga jeta nj\u00eb em\u00ebr i madh i komunitetit tironas, nj\u00eb personalitet i artit dhe i kultur\u00ebs. Nj\u00eb njeri q\u00eb k\u00ebndoi p\u00ebr Tiron\u00ebn me shpirt e me gjith\u00eb zem\u00ebr.<\/p>\n<p>Tirona sot humbi nj\u00eb nga bijt\u00eb e saj m\u00eb t\u00eb mir\u00eb, q\u00eb punoi pa u lodhur p\u00ebr ta pasuruar kultur\u00ebn e qytetit dhe p\u00ebr t\u00eb ruajtur traditat tona.<\/p>\n<p>Ne, tironasit, do ta kujtojm\u00eb gjithmon\u00eb me mall e nostalgji. Sepse n\u00eb k\u00ebng\u00ebt e tij nuk kishte vet\u00ebm tekst e nota, por nj\u00eb himn t\u00eb gjall\u00eb p\u00ebr k\u00ebt\u00eb qytet dhe p\u00ebr k\u00ebt\u00eb tok\u00eb.<\/p>\n<p>Lamtumir\u00eb, Rik Buneci! Tirona do t\u00eb t\u00eb mbaj\u00eb mend gjithmon\u00eb.<\/p>\n","protected":false},"excerpt":{"rendered":"<p>Lamtumir\u00eb, mjesht\u00ebr! Sot u nda nga jeta nj\u00eb em\u00ebr i madh i komunitetit tironas, nj\u00eb personalitet i artit dhe i kultur\u00ebs. Nj\u00eb njeri q\u00eb k\u00ebndoi p\u00ebr Tiron\u00ebn me shpirt e me gjith\u00eb zem\u00ebr. Tirona sot humbi nj\u00eb nga bijt\u00eb e saj m\u00eb t\u00eb mir\u00eb, q\u00eb punoi pa u lodhur p\u00ebr ta pasuruar kultur\u00ebn e qytetit &hellip;<\/p>\n","protected":false},"author":3,"featured_media":123419,"comment_status":"closed","ping_status":"closed","sticky":false,"template":"","format":"standard","meta":{"footnotes":""},"categories":[42],"tags":[],"class_list":["post-123418","post","type-post","status-publish","format-standard","has-post-thumbnail","","category-kulture"],"_links":{"self":[{"href":"https:\/\/rdnews.al\/index.php\/wp-json\/wp\/v2\/posts\/123418","targetHints":{"allow":["GET"]}}],"collection":[{"href":"https:\/\/rdnews.al\/index.php\/wp-json\/wp\/v2\/posts"}],"about":[{"href":"https:\/\/rdnews.al\/index.php\/wp-json\/wp\/v2\/types\/post"}],"author":[{"embeddable":true,"href":"https:\/\/rdnews.al\/index.php\/wp-json\/wp\/v2\/users\/3"}],"replies":[{"embeddable":true,"href":"https:\/\/rdnews.al\/index.php\/wp-json\/wp\/v2\/comments?post=123418"}],"version-history":[{"count":1,"href":"https:\/\/rdnews.al\/index.php\/wp-json\/wp\/v2\/posts\/123418\/revisions"}],"predecessor-version":[{"id":123420,"href":"https:\/\/rdnews.al\/index.php\/wp-json\/wp\/v2\/posts\/123418\/revisions\/123420"}],"wp:featuredmedia":[{"embeddable":true,"href":"https:\/\/rdnews.al\/index.php\/wp-json\/wp\/v2\/media\/123419"}],"wp:attachment":[{"href":"https:\/\/rdnews.al\/index.php\/wp-json\/wp\/v2\/media?parent=123418"}],"wp:term":[{"taxonomy":"category","embeddable":true,"href":"https:\/\/rdnews.al\/index.php\/wp-json\/wp\/v2\/categories?post=123418"},{"taxonomy":"post_tag","embeddable":true,"href":"https:\/\/rdnews.al\/index.php\/wp-json\/wp\/v2\/tags?post=123418"}],"curies":[{"name":"wp","href":"https:\/\/api.w.org\/{rel}","templated":true}]}}