{"id":123421,"date":"2025-09-16T18:14:17","date_gmt":"2025-09-16T18:14:17","guid":{"rendered":"https:\/\/rdnews.al\/?p=123421"},"modified":"2025-09-16T18:14:53","modified_gmt":"2025-09-16T18:14:53","slug":"dako-perfundon-ne-spital-pasi-mori-lajmin-se-ka-per-te-bere-dhe-11-dite-burg","status":"publish","type":"post","link":"https:\/\/rdnews.al\/index.php\/2025\/09\/16\/dako-perfundon-ne-spital-pasi-mori-lajmin-se-ka-per-te-bere-dhe-11-dite-burg\/","title":{"rendered":"Gjushi p\u00ebrfundon n\u00eb spital pasi mori lajmin se ka p\u00ebr t\u00eb b\u00ebr\u00eb dhe 11 dit\u00eb burg"},"content":{"rendered":"<p>Policia e Durr\u00ebsit, me urdh\u00ebr t\u00eb Drejtoris\u00eb s\u00ebBurgjeve, e ka kryer n\u00eb spital ekzekutimin e vendimit t\u00eb vendimit p\u00ebr ish-kryebashkiakun Vangjush Dako.<\/p>\n<p>Gjykata e Posa\u00e7me e Apelit vendosi sot t\u00eb l\u00ebr\u00eb n\u00eb fuqi vendimin e Shkall\u00ebs s\u00eb Par\u00eb t\u00eb GJKKO-s\u00eb, ku Vangjush Dako \u00ebsht\u00eb d\u00ebnuar me 2 vjet e 8 muaj burgim p\u00ebr \u201cshp\u00ebrdorim detyre\u201d lidhur me paligjshm\u00ebrit\u00eb n\u00eb procedur\u00ebn e dh\u00ebnies s\u00eb lejes s\u00eb nd\u00ebrtimit t\u00eb nj\u00eb pallati shum\u00ebkat\u00ebsh, si dhe p\u00ebr shp\u00ebrdorim t\u00eb fondeve publike n\u00eb nd\u00ebrtimin e nj\u00eb sh\u00ebtitoreje n\u00eb bregdet.<\/p>\n<p>Por, Dakos i kan\u00eb mbetur vet\u00ebm 11 dit\u00eb nga d\u00ebnimi p\u00ebr t\u00eb kryer, pasi pjes\u00ebn tjet\u00ebr e ka kryer nga periudha e paraburgimit dhe \u201carrestit n\u00eb sht\u00ebpi\u201d.<\/p>\n<p>Burime p\u00ebr mediat b\u00ebjn\u00eb me dije se pas vendimit t\u00eb Apelit, Vangjush Dako ka pasur aritmi, rrahje t\u00eb shpejta t\u00eb zemr\u00ebs dhe \u00ebsht\u00eb d\u00ebrguar n\u00eb spital p\u00ebr t\u00eb marr\u00eb mjekim.<\/p>\n<p>Tashm\u00eb, ai pritet q\u00eb t\u2019i dor\u00ebzohet Drejtoris\u00eb s\u00eb P\u00ebrgjithshme t\u00eb Burgjeve p\u00ebr t\u00eb kryer pjes\u00ebn e mbetur t\u00eb d\u00ebnimit.<\/p>\n","protected":false},"excerpt":{"rendered":"<p>Policia e Durr\u00ebsit, me urdh\u00ebr t\u00eb Drejtoris\u00eb s\u00ebBurgjeve, e ka kryer n\u00eb spital ekzekutimin e vendimit t\u00eb vendimit p\u00ebr ish-kryebashkiakun Vangjush Dako. Gjykata e Posa\u00e7me e Apelit vendosi sot t\u00eb l\u00ebr\u00eb n\u00eb fuqi vendimin e Shkall\u00ebs s\u00eb Par\u00eb t\u00eb GJKKO-s\u00eb, ku Vangjush Dako \u00ebsht\u00eb d\u00ebnuar me 2 vjet e 8 muaj burgim p\u00ebr \u201cshp\u00ebrdorim detyre\u201d &hellip;<\/p>\n","protected":false},"author":4,"featured_media":47841,"comment_status":"closed","ping_status":"closed","sticky":false,"template":"","format":"standard","meta":{"footnotes":""},"categories":[37],"tags":[],"class_list":["post-123421","post","type-post","status-publish","format-standard","has-post-thumbnail","","category-politike"],"_links":{"self":[{"href":"https:\/\/rdnews.al\/index.php\/wp-json\/wp\/v2\/posts\/123421","targetHints":{"allow":["GET"]}}],"collection":[{"href":"https:\/\/rdnews.al\/index.php\/wp-json\/wp\/v2\/posts"}],"about":[{"href":"https:\/\/rdnews.al\/index.php\/wp-json\/wp\/v2\/types\/post"}],"author":[{"embeddable":true,"href":"https:\/\/rdnews.al\/index.php\/wp-json\/wp\/v2\/users\/4"}],"replies":[{"embeddable":true,"href":"https:\/\/rdnews.al\/index.php\/wp-json\/wp\/v2\/comments?post=123421"}],"version-history":[{"count":2,"href":"https:\/\/rdnews.al\/index.php\/wp-json\/wp\/v2\/posts\/123421\/revisions"}],"predecessor-version":[{"id":123423,"href":"https:\/\/rdnews.al\/index.php\/wp-json\/wp\/v2\/posts\/123421\/revisions\/123423"}],"wp:featuredmedia":[{"embeddable":true,"href":"https:\/\/rdnews.al\/index.php\/wp-json\/wp\/v2\/media\/47841"}],"wp:attachment":[{"href":"https:\/\/rdnews.al\/index.php\/wp-json\/wp\/v2\/media?parent=123421"}],"wp:term":[{"taxonomy":"category","embeddable":true,"href":"https:\/\/rdnews.al\/index.php\/wp-json\/wp\/v2\/categories?post=123421"},{"taxonomy":"post_tag","embeddable":true,"href":"https:\/\/rdnews.al\/index.php\/wp-json\/wp\/v2\/tags?post=123421"}],"curies":[{"name":"wp","href":"https:\/\/api.w.org\/{rel}","templated":true}]}}